{"id":14544,"date":"2025-06-30T14:43:28","date_gmt":"2025-06-30T12:43:28","guid":{"rendered":"https:\/\/info.1doc.ch\/changement-tarifaire-en-physiotherapie-2025\/"},"modified":"2025-07-01T08:25:27","modified_gmt":"2025-07-01T08:25:27","slug":"modifica-tariffaria-in-fisioterapia-2025","status":"publish","type":"post","link":"https:\/\/info.onedoc.ch\/it\/blog\/fisioterapisti\/modifica-tariffaria-in-fisioterapia-2025\/","title":{"rendered":"Modifica tariffaria in fisioterapia dal 1\u00b0 luglio 2025: Tutto ci\u00f2 che c\u2019\u00e8 da sapere"},"content":{"rendered":"\n<p>A partire dal 1\u00b0 luglio 2025, entrer\u00e0 in vigore un importante cambiamento nella fatturazione delle prestazioni di fisioterapia. I partner tariffari hanno concordato una nuova struttura tariffaria valida per l\u2019assicurazione contro gli infortuni (LAINF), l\u2019assicurazione militare (AM) e l\u2019assicurazione per l\u2019invalidit\u00e0 (AI). Questo sviluppo rappresenta un importante passo avanti per il settore della fisioterapia.<\/p>\n\n\n\n<h2 class=\"wp-block-heading\" id=\"heading-1\">Quali sono i cambiamenti introdotti dalla nuova tariffa?<\/h2>\n\n\n\n<h3 class=\"wp-block-heading\">Introduzione della tariffazione a tempo<\/h3>\n\n\n\n<p>Il nuovo accordo tariffario sostituisce il sistema attuale basato su tariffe forfettarie con una struttura a tempo. In futuro, la maggior parte delle prestazioni sar\u00e0 fatturata in unit\u00e0 di 5 minuti, sebbene alcuni trattamenti rimarranno a tariffa fissa. Il valore del punto tariffario sar\u00e0 uniformato a livello nazionale, sia per i trattamenti ambulatoriali che ospedalieri, e fissato a 1.00 franco svizzero.<\/p>\n\n\n\n<h3 class=\"wp-block-heading\">Nuove prestazioni e supplementi riconosciuti<\/h3>\n\n\n\n<p>Per la prima volta, la nuova struttura tariffaria prevede anche la remunerazione di prestazioni svolte al di fuori del trattamento diretto, come:<\/p>\n\n\n\n<ul class=\"wp-block-list\">\n<li>Valutazioni del domicilio o del posto di lavoro<\/li>\n\n\n\n<li>Sedute tramite\u00a0<a href=\"https:\/\/info.onedoc.ch\/it\/visio\/modulo-videoconsulto\/\">video consulto<\/a><\/li>\n\n\n\n<li>Terapie svolte in infrastrutture speciali (es. vasche per camminata, ippoterapia)<\/li>\n\n\n\n<li>Allenamento terapeutico medicalizzato (MTT)<\/li>\n<\/ul>\n\n\n\n<p>Sono stati inoltre introdotti nuovi supplementi, ad esempio per i trattamenti che richiedono la presenza contemporanea di due fisioterapisti.<\/p>\n\n\n\n<h2 class=\"wp-block-heading\" id=\"heading-2\"><strong>OneDoc \u00e8 pronto per le nuove tariffe \ud83d\udcc4<\/strong><\/h2>\n\n\n\n<p>Con OneDoc, siete gi\u00e0 pronti per affrontare il cambiamento. Grazie al nostro software di fatturazione per fisioterapisti, potete continuare a generare le vostre fatture in pochi clic, nel pieno rispetto delle nuove normative.<\/p>\n\n\n\n<p>\ud83d\udc49 <a href=\"https:\/\/info.onedoc.ch\/it\/invoice\/tariffa-fisio\/\">Scoprite il nostro software di fatturazione<\/a><\/p>\n\n\n\n<h2 class=\"wp-block-heading\" id=\"heading-3\"><strong>Panoramica delle principali modifiche alla tariffa di fisioterapia<\/strong><\/h2>\n\n\n\n<figure class=\"wp-block-table\"><table class=\"has-fixed-layout\"><thead><tr><th><strong>Tipo di prestazione<\/strong><\/th><th><strong>Fatturazione attuale<\/strong><\/th><th><strong>Nuova fatturazione dal 1\u00b0 luglio 2025<\/strong><\/th><\/tr><\/thead><tbody><tr><td>Trattamento standard<\/td><td>Tariffa forfettaria<\/td><td>Tariffazione ogni 5 minuti<\/td><\/tr><tr><td>Prestazioni senza la presenza del paziente<\/td><td>Non rimborsate<\/td><td>Ora rimborsate<\/td><\/tr><tr><td>Video consulto<\/td><td>Non rimborsato<\/td><td>Ora rimborsato<\/td><\/tr><tr><td>Terapie in infrastrutture speciali<\/td><td>Forfettarie o non rimborsate<\/td><td>Rimborsate con supplementi specifici<\/td><\/tr><tr><td>Allenamento terapeutico medicalizzato (MTT)<\/td><td>Forfettario o non rimborsato<\/td><td>Rimborsato con supplemento<\/td><\/tr><tr><td>Trattamento con due fisioterapisti<\/td><td>Non rimborsato<\/td><td>Rimborsato con supplemento<\/td><\/tr><\/tbody><\/table><\/figure>\n\n\n\n<h2 class=\"wp-block-heading\" id=\"heading-4\"><strong>Preparatevi al nuovo tariffario in fisioterapia \ud83d\ude80<\/strong><\/h2>\n\n\n\n<p>L\u2019introduzione della nuova tariffa dal 1\u00b0 luglio 2025 rappresenta un passo fondamentale verso una remunerazione pi\u00f9 equa e rispondente alla realt\u00e0 professionale. Con OneDoc siete perfettamente attrezzati per affrontare questa transizione e continuare a gestire la vostra fatturazione in modo efficiente, accurato e conforme.<\/p>\n\n\n\n<p><strong>Fonte:<\/strong><\/p>\n\n\n\n<p><a href=\"https:\/\/physioswiss.ch\/fr\/tarifs\/nouvelle-convention-tarifaire-aa-am-ai\/#changement-de-tarif\">PhysioSwiss \u2013 Nuova convenzione tariffaria<\/a><\/p>\n","protected":false},"excerpt":{"rendered":"<p>A partire dal 1\u00b0 luglio 2025, entrer\u00e0 in vigore un importante cambiamento [&hellip;]<\/p>\n","protected":false},"author":4,"featured_media":14505,"comment_status":"closed","ping_status":"closed","sticky":false,"template":"","format":"standard","meta":{"footnotes":""},"categories":[117],"tags":[271,381],"class_list":["post-14544","post","type-post","status-publish","format-standard","has-post-thumbnail","hentry","category-fisioterapisti","tag-fatturazione","tag-tariffa-fisioterapia"],"yoast_head":"<!-- This site is optimized with the Yoast SEO Premium plugin v27.2 (Yoast SEO v27.5) - https:\/\/yoast.com\/product\/yoast-seo-premium-wordpress\/ -->\n<title>Nuova tariffa fisioterapia da luglio 2025<\/title>\n<meta name=\"description\" content=\"Scoprite i cambiamenti chiave alla tariffa di fisioterapia in vigore dal 1\u00b0 luglio 2025 e come OneDoc vi aiuta a fatturare in modo semplice e conforme.\" \/>\n<meta name=\"robots\" content=\"index, follow, max-snippet:-1, max-image-preview:large, max-video-preview:-1\" \/>\n<link rel=\"canonical\" href=\"https:\/\/info.onedoc.ch\/it\/blog\/fisioterapisti\/modifica-tariffaria-in-fisioterapia-2025\/\" \/>\n<meta property=\"og:locale\" content=\"it_IT\" \/>\n<meta property=\"og:type\" content=\"article\" \/>\n<meta property=\"og:title\" content=\"Nuova tariffa fisioterapia da luglio 2025\" \/>\n<meta property=\"og:description\" content=\"Scoprite i cambiamenti chiave alla tariffa di fisioterapia in vigore dal 1\u00b0 luglio 2025 e come OneDoc vi aiuta a fatturare in modo semplice e conforme.\" \/>\n<meta property=\"og:url\" content=\"https:\/\/info.onedoc.ch\/it\/blog\/fisioterapisti\/modifica-tariffaria-in-fisioterapia-2025\/\" \/>\n<meta property=\"og:site_name\" content=\"OneDoc Pro\" \/>\n<meta property=\"article:publisher\" content=\"https:\/\/www.facebook.com\/onedoc.ch\/\" \/>\n<meta property=\"article:published_time\" content=\"2025-06-30T12:43:28+00:00\" \/>\n<meta property=\"article:modified_time\" content=\"2025-07-01T08:25:27+00:00\" \/>\n<meta property=\"og:image\" content=\"https:\/\/info.onedoc.ch\/wp-content\/uploads\/2025\/06\/changement-tarifaire-en-physiotherapie-2025.jpg\" \/>\n\t<meta property=\"og:image:width\" content=\"1500\" \/>\n\t<meta property=\"og:image:height\" content=\"1000\" \/>\n\t<meta property=\"og:image:type\" content=\"image\/jpeg\" \/>\n<meta name=\"author\" content=\"Victoria Nover\" \/>\n<meta name=\"twitter:card\" content=\"summary_large_image\" \/>\n<meta name=\"twitter:title\" content=\"Nuova tariffa fisioterapia da luglio 2025\" \/>\n<meta name=\"twitter:description\" content=\"Scoprite i cambiamenti chiave alla tariffa di fisioterapia in vigore dal 1\u00b0 luglio 2025 e come OneDoc vi aiuta a fatturare in modo semplice e conforme.\" \/>\n<meta name=\"twitter:creator\" content=\"@onedoc_ch\" \/>\n<meta name=\"twitter:site\" content=\"@onedoc_ch\" \/>\n<meta name=\"twitter:label1\" content=\"Written by\" \/>\n\t<meta name=\"twitter:data1\" content=\"Victoria Nover\" \/>\n\t<meta name=\"twitter:label2\" content=\"Est. reading time\" \/>\n\t<meta name=\"twitter:data2\" content=\"3 minuto\" \/>\n<script type=\"application\/ld+json\" class=\"yoast-schema-graph\">{\"@context\":\"https:\\\/\\\/schema.org\",\"@graph\":[{\"@type\":[\"Article\",\"BlogPosting\"],\"@id\":\"https:\\\/\\\/info.onedoc.ch\\\/it\\\/blog\\\/fisioterapisti\\\/modifica-tariffaria-in-fisioterapia-2025\\\/#article\",\"isPartOf\":{\"@id\":\"https:\\\/\\\/info.onedoc.ch\\\/it\\\/blog\\\/fisioterapisti\\\/modifica-tariffaria-in-fisioterapia-2025\\\/\"},\"author\":{\"name\":\"Victoria Nover\",\"@id\":\"https:\\\/\\\/info.onedoc.ch\\\/it\\\/#\\\/schema\\\/person\\\/fa9ea006257198a701bc2d21cecbfe65\"},\"headline\":\"Modifica tariffaria in fisioterapia dal 1\u00b0 luglio 2025: Tutto ci\u00f2 che c\u2019\u00e8 da sapere\",\"datePublished\":\"2025-06-30T12:43:28+00:00\",\"dateModified\":\"2025-07-01T08:25:27+00:00\",\"mainEntityOfPage\":{\"@id\":\"https:\\\/\\\/info.onedoc.ch\\\/it\\\/blog\\\/fisioterapisti\\\/modifica-tariffaria-in-fisioterapia-2025\\\/\"},\"wordCount\":383,\"publisher\":{\"@id\":\"https:\\\/\\\/info.onedoc.ch\\\/it\\\/#organization\"},\"image\":{\"@id\":\"https:\\\/\\\/info.onedoc.ch\\\/it\\\/blog\\\/fisioterapisti\\\/modifica-tariffaria-in-fisioterapia-2025\\\/#primaryimage\"},\"thumbnailUrl\":\"https:\\\/\\\/info.onedoc.ch\\\/wp-content\\\/uploads\\\/2025\\\/06\\\/changement-tarifaire-en-physiotherapie-2025.jpg\",\"keywords\":[\"Fatturazione\",\"Tariffa fisioterapia\"],\"articleSection\":[\"Fisioterapisti\"],\"inLanguage\":\"it-CH\"},{\"@type\":\"WebPage\",\"@id\":\"https:\\\/\\\/info.onedoc.ch\\\/it\\\/blog\\\/fisioterapisti\\\/modifica-tariffaria-in-fisioterapia-2025\\\/\",\"url\":\"https:\\\/\\\/info.onedoc.ch\\\/it\\\/blog\\\/fisioterapisti\\\/modifica-tariffaria-in-fisioterapia-2025\\\/\",\"name\":\"Nuova tariffa fisioterapia da luglio 2025\",\"isPartOf\":{\"@id\":\"https:\\\/\\\/info.onedoc.ch\\\/it\\\/#website\"},\"primaryImageOfPage\":{\"@id\":\"https:\\\/\\\/info.onedoc.ch\\\/it\\\/blog\\\/fisioterapisti\\\/modifica-tariffaria-in-fisioterapia-2025\\\/#primaryimage\"},\"image\":{\"@id\":\"https:\\\/\\\/info.onedoc.ch\\\/it\\\/blog\\\/fisioterapisti\\\/modifica-tariffaria-in-fisioterapia-2025\\\/#primaryimage\"},\"thumbnailUrl\":\"https:\\\/\\\/info.onedoc.ch\\\/wp-content\\\/uploads\\\/2025\\\/06\\\/changement-tarifaire-en-physiotherapie-2025.jpg\",\"datePublished\":\"2025-06-30T12:43:28+00:00\",\"dateModified\":\"2025-07-01T08:25:27+00:00\",\"description\":\"Scoprite i cambiamenti chiave alla tariffa di fisioterapia in vigore dal 1\u00b0 luglio 2025 e come OneDoc vi aiuta a fatturare in modo semplice e conforme.\",\"inLanguage\":\"it-CH\",\"potentialAction\":[{\"@type\":\"ReadAction\",\"target\":[\"https:\\\/\\\/info.onedoc.ch\\\/it\\\/blog\\\/fisioterapisti\\\/modifica-tariffaria-in-fisioterapia-2025\\\/\"]}]},{\"@type\":\"ImageObject\",\"inLanguage\":\"it-CH\",\"@id\":\"https:\\\/\\\/info.onedoc.ch\\\/it\\\/blog\\\/fisioterapisti\\\/modifica-tariffaria-in-fisioterapia-2025\\\/#primaryimage\",\"url\":\"https:\\\/\\\/info.onedoc.ch\\\/wp-content\\\/uploads\\\/2025\\\/06\\\/changement-tarifaire-en-physiotherapie-2025.jpg\",\"contentUrl\":\"https:\\\/\\\/info.onedoc.ch\\\/wp-content\\\/uploads\\\/2025\\\/06\\\/changement-tarifaire-en-physiotherapie-2025.jpg\",\"width\":1500,\"height\":1000,\"caption\":\"Scoprite le principali modifiche alla tariffa per la fisioterapia applicabili dal 1\u00b0 luglio 2025 e come OneDoc pu\u00f2 aiutarvi a fatturare con facilit\u00e0.\"},{\"@type\":\"WebSite\",\"@id\":\"https:\\\/\\\/info.onedoc.ch\\\/it\\\/#website\",\"url\":\"https:\\\/\\\/info.onedoc.ch\\\/it\\\/\",\"name\":\"OneDoc Pro - Moins d\u2019administratif, plus de temps pour vos patients\",\"description\":\"L&#039;alli\u00e9 des professionnels de sant\u00e9 suisses au quotidien\",\"publisher\":{\"@id\":\"https:\\\/\\\/info.onedoc.ch\\\/it\\\/#organization\"},\"alternateName\":\"OneDoc Pro\",\"potentialAction\":[{\"@type\":\"SearchAction\",\"target\":{\"@type\":\"EntryPoint\",\"urlTemplate\":\"https:\\\/\\\/info.onedoc.ch\\\/it\\\/?s={search_term_string}\"},\"query-input\":{\"@type\":\"PropertyValueSpecification\",\"valueRequired\":true,\"valueName\":\"search_term_string\"}}],\"inLanguage\":\"it-CH\"},{\"@type\":\"Organization\",\"@id\":\"https:\\\/\\\/info.onedoc.ch\\\/it\\\/#organization\",\"name\":\"OneDoc\",\"alternateName\":\"OneDoc.ch\",\"url\":\"https:\\\/\\\/info.onedoc.ch\\\/it\\\/\",\"logo\":{\"@type\":\"ImageObject\",\"inLanguage\":\"it-CH\",\"@id\":\"https:\\\/\\\/info.onedoc.ch\\\/it\\\/#\\\/schema\\\/logo\\\/image\\\/\",\"url\":\"https:\\\/\\\/info.onedoc.ch\\\/wp-content\\\/uploads\\\/2025\\\/06\\\/doki-logo.png\",\"contentUrl\":\"https:\\\/\\\/info.onedoc.ch\\\/wp-content\\\/uploads\\\/2025\\\/06\\\/doki-logo.png\",\"width\":2134,\"height\":2134,\"caption\":\"OneDoc\"},\"image\":{\"@id\":\"https:\\\/\\\/info.onedoc.ch\\\/it\\\/#\\\/schema\\\/logo\\\/image\\\/\"},\"sameAs\":[\"https:\\\/\\\/www.facebook.com\\\/onedoc.ch\\\/\",\"https:\\\/\\\/x.com\\\/onedoc_ch\",\"https:\\\/\\\/www.instagram.com\\\/onedoc.ch\\\/\",\"https:\\\/\\\/www.linkedin.com\\\/company\\\/onedoc.ch\\\/\",\"https:\\\/\\\/www.youtube.com\\\/channel\\\/UCWnlE63em_m8ZioBA5n8Z6w\"],\"description\":\"OneDoc est la plateforme leader en Suisse pour la r\u00e9servation de rendez-vous m\u00e9dicaux. Les patients peuvent rechercher des milliers de professionnels de la sant\u00e9 suisses (m\u00e9decins, dentistes et th\u00e9rapeutes) et r\u00e9server un rendez-vous sur place ou une consultation vid\u00e9o en quelques clics, 24 heures sur 24.\",\"legalName\":\"OneDoc SA\",\"foundingDate\":\"2016-12-31\",\"numberOfEmployees\":{\"@type\":\"QuantitativeValue\",\"minValue\":\"51\",\"maxValue\":\"200\"}},{\"@type\":\"Person\",\"@id\":\"https:\\\/\\\/info.onedoc.ch\\\/it\\\/#\\\/schema\\\/person\\\/fa9ea006257198a701bc2d21cecbfe65\",\"name\":\"Victoria Nover\",\"image\":{\"@type\":\"ImageObject\",\"inLanguage\":\"it-CH\",\"@id\":\"https:\\\/\\\/secure.gravatar.com\\\/avatar\\\/c0f865e62f53fe4c47715bcef8c2935789b3ffdea88f17952c4e53ef87d4e4b3?s=96&d=mm&r=g\",\"url\":\"https:\\\/\\\/secure.gravatar.com\\\/avatar\\\/c0f865e62f53fe4c47715bcef8c2935789b3ffdea88f17952c4e53ef87d4e4b3?s=96&d=mm&r=g\",\"contentUrl\":\"https:\\\/\\\/secure.gravatar.com\\\/avatar\\\/c0f865e62f53fe4c47715bcef8c2935789b3ffdea88f17952c4e53ef87d4e4b3?s=96&d=mm&r=g\",\"caption\":\"Victoria Nover\"}}]}<\/script>\n<!-- \/ Yoast SEO Premium plugin. -->","yoast_head_json":{"title":"Nuova tariffa fisioterapia da luglio 2025","description":"Scoprite i cambiamenti chiave alla tariffa di fisioterapia in vigore dal 1\u00b0 luglio 2025 e come OneDoc vi aiuta a fatturare in modo semplice e conforme.","robots":{"index":"index","follow":"follow","max-snippet":"max-snippet:-1","max-image-preview":"max-image-preview:large","max-video-preview":"max-video-preview:-1"},"canonical":"https:\/\/info.onedoc.ch\/it\/blog\/fisioterapisti\/modifica-tariffaria-in-fisioterapia-2025\/","og_locale":"it_IT","og_type":"article","og_title":"Nuova tariffa fisioterapia da luglio 2025","og_description":"Scoprite i cambiamenti chiave alla tariffa di fisioterapia in vigore dal 1\u00b0 luglio 2025 e come OneDoc vi aiuta a fatturare in modo semplice e conforme.","og_url":"https:\/\/info.onedoc.ch\/it\/blog\/fisioterapisti\/modifica-tariffaria-in-fisioterapia-2025\/","og_site_name":"OneDoc Pro","article_publisher":"https:\/\/www.facebook.com\/onedoc.ch\/","article_published_time":"2025-06-30T12:43:28+00:00","article_modified_time":"2025-07-01T08:25:27+00:00","og_image":[{"width":1500,"height":1000,"url":"https:\/\/info.onedoc.ch\/wp-content\/uploads\/2025\/06\/changement-tarifaire-en-physiotherapie-2025.jpg","type":"image\/jpeg"}],"author":"Victoria Nover","twitter_card":"summary_large_image","twitter_title":"Nuova tariffa fisioterapia da luglio 2025","twitter_description":"Scoprite i cambiamenti chiave alla tariffa di fisioterapia in vigore dal 1\u00b0 luglio 2025 e come OneDoc vi aiuta a fatturare in modo semplice e conforme.","twitter_creator":"@onedoc_ch","twitter_site":"@onedoc_ch","twitter_misc":{"Written by":"Victoria Nover","Est. reading time":"3 minuto"},"schema":{"@context":"https:\/\/schema.org","@graph":[{"@type":["Article","BlogPosting"],"@id":"https:\/\/info.onedoc.ch\/it\/blog\/fisioterapisti\/modifica-tariffaria-in-fisioterapia-2025\/#article","isPartOf":{"@id":"https:\/\/info.onedoc.ch\/it\/blog\/fisioterapisti\/modifica-tariffaria-in-fisioterapia-2025\/"},"author":{"name":"Victoria Nover","@id":"https:\/\/info.onedoc.ch\/it\/#\/schema\/person\/fa9ea006257198a701bc2d21cecbfe65"},"headline":"Modifica tariffaria in fisioterapia dal 1\u00b0 luglio 2025: Tutto ci\u00f2 che c\u2019\u00e8 da sapere","datePublished":"2025-06-30T12:43:28+00:00","dateModified":"2025-07-01T08:25:27+00:00","mainEntityOfPage":{"@id":"https:\/\/info.onedoc.ch\/it\/blog\/fisioterapisti\/modifica-tariffaria-in-fisioterapia-2025\/"},"wordCount":383,"publisher":{"@id":"https:\/\/info.onedoc.ch\/it\/#organization"},"image":{"@id":"https:\/\/info.onedoc.ch\/it\/blog\/fisioterapisti\/modifica-tariffaria-in-fisioterapia-2025\/#primaryimage"},"thumbnailUrl":"https:\/\/info.onedoc.ch\/wp-content\/uploads\/2025\/06\/changement-tarifaire-en-physiotherapie-2025.jpg","keywords":["Fatturazione","Tariffa fisioterapia"],"articleSection":["Fisioterapisti"],"inLanguage":"it-CH"},{"@type":"WebPage","@id":"https:\/\/info.onedoc.ch\/it\/blog\/fisioterapisti\/modifica-tariffaria-in-fisioterapia-2025\/","url":"https:\/\/info.onedoc.ch\/it\/blog\/fisioterapisti\/modifica-tariffaria-in-fisioterapia-2025\/","name":"Nuova tariffa fisioterapia da luglio 2025","isPartOf":{"@id":"https:\/\/info.onedoc.ch\/it\/#website"},"primaryImageOfPage":{"@id":"https:\/\/info.onedoc.ch\/it\/blog\/fisioterapisti\/modifica-tariffaria-in-fisioterapia-2025\/#primaryimage"},"image":{"@id":"https:\/\/info.onedoc.ch\/it\/blog\/fisioterapisti\/modifica-tariffaria-in-fisioterapia-2025\/#primaryimage"},"thumbnailUrl":"https:\/\/info.onedoc.ch\/wp-content\/uploads\/2025\/06\/changement-tarifaire-en-physiotherapie-2025.jpg","datePublished":"2025-06-30T12:43:28+00:00","dateModified":"2025-07-01T08:25:27+00:00","description":"Scoprite i cambiamenti chiave alla tariffa di fisioterapia in vigore dal 1\u00b0 luglio 2025 e come OneDoc vi aiuta a fatturare in modo semplice e conforme.","inLanguage":"it-CH","potentialAction":[{"@type":"ReadAction","target":["https:\/\/info.onedoc.ch\/it\/blog\/fisioterapisti\/modifica-tariffaria-in-fisioterapia-2025\/"]}]},{"@type":"ImageObject","inLanguage":"it-CH","@id":"https:\/\/info.onedoc.ch\/it\/blog\/fisioterapisti\/modifica-tariffaria-in-fisioterapia-2025\/#primaryimage","url":"https:\/\/info.onedoc.ch\/wp-content\/uploads\/2025\/06\/changement-tarifaire-en-physiotherapie-2025.jpg","contentUrl":"https:\/\/info.onedoc.ch\/wp-content\/uploads\/2025\/06\/changement-tarifaire-en-physiotherapie-2025.jpg","width":1500,"height":1000,"caption":"Scoprite le principali modifiche alla tariffa per la fisioterapia applicabili dal 1\u00b0 luglio 2025 e come OneDoc pu\u00f2 aiutarvi a fatturare con facilit\u00e0."},{"@type":"WebSite","@id":"https:\/\/info.onedoc.ch\/it\/#website","url":"https:\/\/info.onedoc.ch\/it\/","name":"OneDoc Pro - Moins d\u2019administratif, plus de temps pour vos patients","description":"L&#039;alli\u00e9 des professionnels de sant\u00e9 suisses au quotidien","publisher":{"@id":"https:\/\/info.onedoc.ch\/it\/#organization"},"alternateName":"OneDoc Pro","potentialAction":[{"@type":"SearchAction","target":{"@type":"EntryPoint","urlTemplate":"https:\/\/info.onedoc.ch\/it\/?s={search_term_string}"},"query-input":{"@type":"PropertyValueSpecification","valueRequired":true,"valueName":"search_term_string"}}],"inLanguage":"it-CH"},{"@type":"Organization","@id":"https:\/\/info.onedoc.ch\/it\/#organization","name":"OneDoc","alternateName":"OneDoc.ch","url":"https:\/\/info.onedoc.ch\/it\/","logo":{"@type":"ImageObject","inLanguage":"it-CH","@id":"https:\/\/info.onedoc.ch\/it\/#\/schema\/logo\/image\/","url":"https:\/\/info.onedoc.ch\/wp-content\/uploads\/2025\/06\/doki-logo.png","contentUrl":"https:\/\/info.onedoc.ch\/wp-content\/uploads\/2025\/06\/doki-logo.png","width":2134,"height":2134,"caption":"OneDoc"},"image":{"@id":"https:\/\/info.onedoc.ch\/it\/#\/schema\/logo\/image\/"},"sameAs":["https:\/\/www.facebook.com\/onedoc.ch\/","https:\/\/x.com\/onedoc_ch","https:\/\/www.instagram.com\/onedoc.ch\/","https:\/\/www.linkedin.com\/company\/onedoc.ch\/","https:\/\/www.youtube.com\/channel\/UCWnlE63em_m8ZioBA5n8Z6w"],"description":"OneDoc est la plateforme leader en Suisse pour la r\u00e9servation de rendez-vous m\u00e9dicaux. Les patients peuvent rechercher des milliers de professionnels de la sant\u00e9 suisses (m\u00e9decins, dentistes et th\u00e9rapeutes) et r\u00e9server un rendez-vous sur place ou une consultation vid\u00e9o en quelques clics, 24 heures sur 24.","legalName":"OneDoc SA","foundingDate":"2016-12-31","numberOfEmployees":{"@type":"QuantitativeValue","minValue":"51","maxValue":"200"}},{"@type":"Person","@id":"https:\/\/info.onedoc.ch\/it\/#\/schema\/person\/fa9ea006257198a701bc2d21cecbfe65","name":"Victoria Nover","image":{"@type":"ImageObject","inLanguage":"it-CH","@id":"https:\/\/secure.gravatar.com\/avatar\/c0f865e62f53fe4c47715bcef8c2935789b3ffdea88f17952c4e53ef87d4e4b3?s=96&d=mm&r=g","url":"https:\/\/secure.gravatar.com\/avatar\/c0f865e62f53fe4c47715bcef8c2935789b3ffdea88f17952c4e53ef87d4e4b3?s=96&d=mm&r=g","contentUrl":"https:\/\/secure.gravatar.com\/avatar\/c0f865e62f53fe4c47715bcef8c2935789b3ffdea88f17952c4e53ef87d4e4b3?s=96&d=mm&r=g","caption":"Victoria Nover"}}]}},"_links":{"self":[{"href":"https:\/\/info.onedoc.ch\/it\/wp-json\/wp\/v2\/posts\/14544","targetHints":{"allow":["GET"]}}],"collection":[{"href":"https:\/\/info.onedoc.ch\/it\/wp-json\/wp\/v2\/posts"}],"about":[{"href":"https:\/\/info.onedoc.ch\/it\/wp-json\/wp\/v2\/types\/post"}],"author":[{"embeddable":true,"href":"https:\/\/info.onedoc.ch\/it\/wp-json\/wp\/v2\/users\/4"}],"replies":[{"embeddable":true,"href":"https:\/\/info.onedoc.ch\/it\/wp-json\/wp\/v2\/comments?post=14544"}],"version-history":[{"count":1,"href":"https:\/\/info.onedoc.ch\/it\/wp-json\/wp\/v2\/posts\/14544\/revisions"}],"predecessor-version":[{"id":14546,"href":"https:\/\/info.onedoc.ch\/it\/wp-json\/wp\/v2\/posts\/14544\/revisions\/14546"}],"wp:featuredmedia":[{"embeddable":true,"href":"https:\/\/info.onedoc.ch\/it\/wp-json\/wp\/v2\/media\/14505"}],"wp:attachment":[{"href":"https:\/\/info.onedoc.ch\/it\/wp-json\/wp\/v2\/media?parent=14544"}],"wp:term":[{"taxonomy":"category","embeddable":true,"href":"https:\/\/info.onedoc.ch\/it\/wp-json\/wp\/v2\/categories?post=14544"},{"taxonomy":"post_tag","embeddable":true,"href":"https:\/\/info.onedoc.ch\/it\/wp-json\/wp\/v2\/tags?post=14544"}],"curies":[{"name":"wp","href":"https:\/\/api.w.org\/{rel}","templated":true}]}}