{"id":13819,"date":"2025-06-27T13:16:46","date_gmt":"2025-06-27T11:16:46","guid":{"rendered":"https:\/\/info.1doc.ch\/la-penurie-de-medecins-generalistes-est-enfin-terminee-presque\/"},"modified":"2025-08-25T12:46:02","modified_gmt":"2025-08-25T10:46:02","slug":"la-carenza-di-medici-di-base-e-finalmente-finita-quasi","status":"publish","type":"post","link":"https:\/\/info.onedoc.ch\/it\/blog\/medici\/la-carenza-di-medici-di-base-e-finalmente-finita-quasi\/","title":{"rendered":"La carenza di medici di base \u00e8 finalmente finita. Quasi."},"content":{"rendered":"\n<p>Lo spettro della carenza di medici di base ha tormentato il sistema sanitario svizzero per anni, causando regolarmente grandi preoccupazioni sia tra i fornitori di cure che tra i pazienti. Tuttavia, sviluppi recenti offrono prospettive incoraggianti che potrebbero colmare questa imminente lacuna nell\u2019assistenza medica.<\/p>\n\n\n\n<h2 class=\"wp-block-heading\" id=\"heading-1\">Il pilastro del sistema sanitario svizzero<\/h2>\n\n\n\n<p><a href=\"https:\/\/info.onedoc.ch\/it\/specialita\/medico-generico\/\" target=\"_blank\" rel=\"noreferrer noopener\">I medici di base<\/a>&nbsp;e i pediatri rappresentano la spina dorsale del sistema sanitario svizzero, e forse anche della societ\u00e0 svizzera nel suo insieme. Sono il primo punto di contatto per il 94% dei casi medici e risolvono la stragrande maggioranza di questi. Tuttavia, da anni il loro numero \u00e8 insufficiente. Molti dei medici di base sono prossimi alla pensione e per lungo tempo \u00e8 mancata una nuova generazione pronta a prendere il loro posto. Tuttavia, secondo&nbsp;<a href=\"https:\/\/www.hausaerzteschweiz.ch\/information\/news\/detail\/workforce-studie-zur-medizinischen-grundversorgung-hausaerztemangel-aber-mit-licht-am-horizont\" target=\"_blank\" rel=\"noreferrer noopener\">lo studio \u201cWorkforce 2020\u201d sui medici di base e pediatri in Svizzera<\/a>, la situazione sembra migliorare progressivamente, con un ringiovanimento della professione. Entro il 2040, questa tendenza dovrebbe alleggerire significativamente le tensioni nel sistema sanitario.<\/p>\n\n\n\n<h2 class=\"wp-block-heading\" id=\"heading-2\">Come la Svizzera affronta la carenza di medici di base grazie alla nuova generazione<\/h2>\n\n\n\n<p>La proporzione di medici di base sotto i 50 anni \u00e8 aumentata costantemente dal 2010, passando dal 25% al 34%. Tre fattori principali spiegano questa evoluzione:<\/p>\n\n\n\n<ul class=\"wp-block-list\">\n<li><strong>Pi\u00f9 posti di studio<\/strong><\/li>\n\n\n\n<li><strong>Maggiore attrattiva per la professione di medico di base e pediatra<\/strong><\/li>\n\n\n\n<li><strong>Nuovi modelli di lavoro e pratica pi\u00f9 flessibili<\/strong><\/li>\n<\/ul>\n\n\n\n<p>Nel 2019, le universit\u00e0 svizzere hanno diplomato 1.089 studenti in medicina umana. Tuttavia, questo non \u00e8 ancora sufficiente. In effetti, sarebbero necessari circa 1.000 medici in pi\u00f9 nel corso di 10 anni per colmare il deficit. Il governo federale, i cantoni e swissuniversities stanno lavorando insieme per aumentare il numero di posti di studio in medicina a 1.350 all\u2019anno entro il 2025.<\/p>\n\n\n\n<blockquote class=\"wp-block-quote is-layout-flow wp-block-quote-is-layout-flow\">\n<blockquote class=\"wp-block-quote is-layout-flow wp-block-quote-is-layout-flow\">\n<p>L\u2019objectif global est \u00e0 la fois de renforcer la rel\u00e8ve m\u00e9dicale, de lutter contre la p\u00e9nurie de main-d\u2019\u0153uvre dans les professions de sant\u00e9 et de soutenir les soins de sant\u00e9 primaires et l\u2019interprofessionnalit\u00e9.<\/p>\n\n\n\n<p>Extrait du\u00a0<a href=\"https:\/\/www.swissuniversities.ch\/fileadmin\/swissuniversities\/Dokumente\/Hochschulpolitik\/Strategische_Planung\/Strategische_Planung_2021-2024_swu-D.pdf\" target=\"_blank\" rel=\"noreferrer noopener\">plan strat\u00e9gique 2021-2024 de swissuniversities<\/a>, p. 29.<\/p>\n<\/blockquote>\n<\/blockquote>\n\n\n\n<p>Nel 2016, il Consiglio federale aveva gi\u00e0 fatto della promozione della formazione in medicina umana una priorit\u00e0 nel suo messaggio FRI (Formazione, Ricerca e Innovazione) 2017-2020. \u00c8 stata stanziata una somma di 100 milioni di franchi per un finanziamento speciale destinato a progetti specifici. Secondo lo studio Workforce, i primi risultati positivi stanno cominciando a emergere.<\/p>\n\n\n\n<p>Queste misure politiche sono accompagnate da cambiamenti nei modelli di lavoro. I modelli di lavoro part-time sono oggi pi\u00f9 richiesti che mai, permettendo una migliore conciliazione tra vita familiare e professionale. Inoltre,&nbsp;<a href=\"https:\/\/info.onedoc.ch\/it\/blog\/medici\/caso-d-uso-videoconsulto-medicina-generale\/\" target=\"_blank\" rel=\"noreferrer noopener\">la tendenza verso la telemedicina e le consultazioni video riduce anche il carico di lavoro dei medici<\/a>, aumentando la loro soddisfazione.<\/p>\n\n\n\n<p>La situazione continua ad evolversi, ma seguiamo con ottimismo i futuri sviluppi!<\/p>\n","protected":false},"excerpt":{"rendered":"<p>Lo spettro della carenza di medici di base ha tormentato il sistema [&hellip;]<\/p>\n","protected":false},"author":4,"featured_media":12821,"comment_status":"closed","ping_status":"closed","sticky":false,"template":"","format":"standard","meta":{"footnotes":""},"categories":[114],"tags":[348],"class_list":["post-13819","post","type-post","status-publish","format-standard","has-post-thumbnail","hentry","category-medici","tag-attualita"],"yoast_head":"<!-- This site is optimized with the Yoast SEO Premium plugin v27.2 (Yoast SEO v27.5) - https:\/\/yoast.com\/product\/yoast-seo-premium-wordpress\/ -->\n<title>La carenza di medici di base \u00e8 finalmente finita\u2026 Quasi.<\/title>\n<meta name=\"description\" content=\"I medici di base sono una componente essenziale del sistema sanitario svizzero. C&#039;\u00e8 abbastanza ricambio generazionale in questo settore?\" \/>\n<meta name=\"robots\" content=\"index, follow, max-snippet:-1, max-image-preview:large, max-video-preview:-1\" \/>\n<link rel=\"canonical\" href=\"https:\/\/info.onedoc.ch\/it\/blog\/medici\/la-carenza-di-medici-di-base-e-finalmente-finita-quasi\/\" \/>\n<meta property=\"og:locale\" content=\"it_IT\" \/>\n<meta property=\"og:type\" content=\"article\" \/>\n<meta property=\"og:title\" content=\"La carenza di medici di base \u00e8 finalmente finita\u2026 Quasi.\" \/>\n<meta property=\"og:description\" content=\"I medici di base sono una componente essenziale del sistema sanitario svizzero. C&#039;\u00e8 abbastanza ricambio generazionale in questo settore?\" \/>\n<meta property=\"og:url\" content=\"https:\/\/info.onedoc.ch\/it\/blog\/medici\/la-carenza-di-medici-di-base-e-finalmente-finita-quasi\/\" \/>\n<meta property=\"og:site_name\" content=\"OneDoc Pro\" \/>\n<meta property=\"article:publisher\" content=\"https:\/\/www.facebook.com\/onedoc.ch\/\" \/>\n<meta property=\"article:published_time\" content=\"2025-06-27T11:16:46+00:00\" \/>\n<meta property=\"article:modified_time\" content=\"2025-08-25T10:46:02+00:00\" \/>\n<meta property=\"og:image\" content=\"https:\/\/info.onedoc.ch\/wp-content\/uploads\/2025\/06\/penurie-secretaires-centre-medicaux-conseils.jpg\" \/>\n\t<meta property=\"og:image:width\" content=\"700\" \/>\n\t<meta property=\"og:image:height\" content=\"394\" \/>\n\t<meta property=\"og:image:type\" content=\"image\/jpeg\" \/>\n<meta name=\"author\" content=\"Victoria Nover\" \/>\n<meta name=\"twitter:card\" content=\"summary_large_image\" \/>\n<meta name=\"twitter:title\" content=\"La carenza di medici di base \u00e8 finalmente finita\u2026 Quasi.\" \/>\n<meta name=\"twitter:description\" content=\"I medici di base sono una componente essenziale del sistema sanitario svizzero. C&#039;\u00e8 abbastanza ricambio generazionale in questo settore?\" \/>\n<meta name=\"twitter:creator\" content=\"@onedoc_ch\" \/>\n<meta name=\"twitter:site\" content=\"@onedoc_ch\" \/>\n<meta name=\"twitter:label1\" content=\"Written by\" \/>\n\t<meta name=\"twitter:data1\" content=\"Victoria Nover\" \/>\n\t<meta name=\"twitter:label2\" content=\"Est. reading time\" \/>\n\t<meta name=\"twitter:data2\" content=\"3 minuto\" \/>\n<script type=\"application\/ld+json\" class=\"yoast-schema-graph\">{\"@context\":\"https:\\\/\\\/schema.org\",\"@graph\":[{\"@type\":[\"Article\",\"BlogPosting\"],\"@id\":\"https:\\\/\\\/info.onedoc.ch\\\/it\\\/blog\\\/medici\\\/la-carenza-di-medici-di-base-e-finalmente-finita-quasi\\\/#article\",\"isPartOf\":{\"@id\":\"https:\\\/\\\/info.onedoc.ch\\\/it\\\/blog\\\/medici\\\/la-carenza-di-medici-di-base-e-finalmente-finita-quasi\\\/\"},\"author\":{\"name\":\"Victoria Nover\",\"@id\":\"https:\\\/\\\/info.onedoc.ch\\\/it\\\/#\\\/schema\\\/person\\\/fa9ea006257198a701bc2d21cecbfe65\"},\"headline\":\"La carenza di medici di base \u00e8 finalmente finita. Quasi.\",\"datePublished\":\"2025-06-27T11:16:46+00:00\",\"dateModified\":\"2025-08-25T10:46:02+00:00\",\"mainEntityOfPage\":{\"@id\":\"https:\\\/\\\/info.onedoc.ch\\\/it\\\/blog\\\/medici\\\/la-carenza-di-medici-di-base-e-finalmente-finita-quasi\\\/\"},\"wordCount\":449,\"publisher\":{\"@id\":\"https:\\\/\\\/info.onedoc.ch\\\/it\\\/#organization\"},\"image\":{\"@id\":\"https:\\\/\\\/info.onedoc.ch\\\/it\\\/blog\\\/medici\\\/la-carenza-di-medici-di-base-e-finalmente-finita-quasi\\\/#primaryimage\"},\"thumbnailUrl\":\"https:\\\/\\\/info.onedoc.ch\\\/wp-content\\\/uploads\\\/2025\\\/06\\\/penurie-secretaires-centre-medicaux-conseils.jpg\",\"keywords\":[\"Attualit\u00e0\"],\"articleSection\":[\"Medici di base\"],\"inLanguage\":\"it-CH\"},{\"@type\":\"WebPage\",\"@id\":\"https:\\\/\\\/info.onedoc.ch\\\/it\\\/blog\\\/medici\\\/la-carenza-di-medici-di-base-e-finalmente-finita-quasi\\\/\",\"url\":\"https:\\\/\\\/info.onedoc.ch\\\/it\\\/blog\\\/medici\\\/la-carenza-di-medici-di-base-e-finalmente-finita-quasi\\\/\",\"name\":\"La carenza di medici di base \u00e8 finalmente finita\u2026 Quasi.\",\"isPartOf\":{\"@id\":\"https:\\\/\\\/info.onedoc.ch\\\/it\\\/#website\"},\"primaryImageOfPage\":{\"@id\":\"https:\\\/\\\/info.onedoc.ch\\\/it\\\/blog\\\/medici\\\/la-carenza-di-medici-di-base-e-finalmente-finita-quasi\\\/#primaryimage\"},\"image\":{\"@id\":\"https:\\\/\\\/info.onedoc.ch\\\/it\\\/blog\\\/medici\\\/la-carenza-di-medici-di-base-e-finalmente-finita-quasi\\\/#primaryimage\"},\"thumbnailUrl\":\"https:\\\/\\\/info.onedoc.ch\\\/wp-content\\\/uploads\\\/2025\\\/06\\\/penurie-secretaires-centre-medicaux-conseils.jpg\",\"datePublished\":\"2025-06-27T11:16:46+00:00\",\"dateModified\":\"2025-08-25T10:46:02+00:00\",\"description\":\"I medici di base sono una componente essenziale del sistema sanitario svizzero. C'\u00e8 abbastanza ricambio generazionale in questo settore?\",\"inLanguage\":\"it-CH\",\"potentialAction\":[{\"@type\":\"ReadAction\",\"target\":[\"https:\\\/\\\/info.onedoc.ch\\\/it\\\/blog\\\/medici\\\/la-carenza-di-medici-di-base-e-finalmente-finita-quasi\\\/\"]}]},{\"@type\":\"ImageObject\",\"inLanguage\":\"it-CH\",\"@id\":\"https:\\\/\\\/info.onedoc.ch\\\/it\\\/blog\\\/medici\\\/la-carenza-di-medici-di-base-e-finalmente-finita-quasi\\\/#primaryimage\",\"url\":\"https:\\\/\\\/info.onedoc.ch\\\/wp-content\\\/uploads\\\/2025\\\/06\\\/penurie-secretaires-centre-medicaux-conseils.jpg\",\"contentUrl\":\"https:\\\/\\\/info.onedoc.ch\\\/wp-content\\\/uploads\\\/2025\\\/06\\\/penurie-secretaires-centre-medicaux-conseils.jpg\",\"width\":700,\"height\":394,\"caption\":\"Interior of physiotherapy clinic with equipment for rehabilitation. Physical therapy center.\"},{\"@type\":\"WebSite\",\"@id\":\"https:\\\/\\\/info.onedoc.ch\\\/it\\\/#website\",\"url\":\"https:\\\/\\\/info.onedoc.ch\\\/it\\\/\",\"name\":\"OneDoc Pro - Moins d\u2019administratif, plus de temps pour vos patients\",\"description\":\"L&#039;alli\u00e9 des professionnels de sant\u00e9 suisses au quotidien\",\"publisher\":{\"@id\":\"https:\\\/\\\/info.onedoc.ch\\\/it\\\/#organization\"},\"alternateName\":\"OneDoc Pro\",\"potentialAction\":[{\"@type\":\"SearchAction\",\"target\":{\"@type\":\"EntryPoint\",\"urlTemplate\":\"https:\\\/\\\/info.onedoc.ch\\\/it\\\/?s={search_term_string}\"},\"query-input\":{\"@type\":\"PropertyValueSpecification\",\"valueRequired\":true,\"valueName\":\"search_term_string\"}}],\"inLanguage\":\"it-CH\"},{\"@type\":\"Organization\",\"@id\":\"https:\\\/\\\/info.onedoc.ch\\\/it\\\/#organization\",\"name\":\"OneDoc\",\"alternateName\":\"OneDoc.ch\",\"url\":\"https:\\\/\\\/info.onedoc.ch\\\/it\\\/\",\"logo\":{\"@type\":\"ImageObject\",\"inLanguage\":\"it-CH\",\"@id\":\"https:\\\/\\\/info.onedoc.ch\\\/it\\\/#\\\/schema\\\/logo\\\/image\\\/\",\"url\":\"https:\\\/\\\/info.onedoc.ch\\\/wp-content\\\/uploads\\\/2025\\\/06\\\/doki-logo.png\",\"contentUrl\":\"https:\\\/\\\/info.onedoc.ch\\\/wp-content\\\/uploads\\\/2025\\\/06\\\/doki-logo.png\",\"width\":2134,\"height\":2134,\"caption\":\"OneDoc\"},\"image\":{\"@id\":\"https:\\\/\\\/info.onedoc.ch\\\/it\\\/#\\\/schema\\\/logo\\\/image\\\/\"},\"sameAs\":[\"https:\\\/\\\/www.facebook.com\\\/onedoc.ch\\\/\",\"https:\\\/\\\/x.com\\\/onedoc_ch\",\"https:\\\/\\\/www.instagram.com\\\/onedoc.ch\\\/\",\"https:\\\/\\\/www.linkedin.com\\\/company\\\/onedoc.ch\\\/\",\"https:\\\/\\\/www.youtube.com\\\/channel\\\/UCWnlE63em_m8ZioBA5n8Z6w\"],\"description\":\"OneDoc est la plateforme leader en Suisse pour la r\u00e9servation de rendez-vous m\u00e9dicaux. Les patients peuvent rechercher des milliers de professionnels de la sant\u00e9 suisses (m\u00e9decins, dentistes et th\u00e9rapeutes) et r\u00e9server un rendez-vous sur place ou une consultation vid\u00e9o en quelques clics, 24 heures sur 24.\",\"legalName\":\"OneDoc SA\",\"foundingDate\":\"2016-12-31\",\"numberOfEmployees\":{\"@type\":\"QuantitativeValue\",\"minValue\":\"51\",\"maxValue\":\"200\"}},{\"@type\":\"Person\",\"@id\":\"https:\\\/\\\/info.onedoc.ch\\\/it\\\/#\\\/schema\\\/person\\\/fa9ea006257198a701bc2d21cecbfe65\",\"name\":\"Victoria Nover\",\"image\":{\"@type\":\"ImageObject\",\"inLanguage\":\"it-CH\",\"@id\":\"https:\\\/\\\/secure.gravatar.com\\\/avatar\\\/c0f865e62f53fe4c47715bcef8c2935789b3ffdea88f17952c4e53ef87d4e4b3?s=96&d=mm&r=g\",\"url\":\"https:\\\/\\\/secure.gravatar.com\\\/avatar\\\/c0f865e62f53fe4c47715bcef8c2935789b3ffdea88f17952c4e53ef87d4e4b3?s=96&d=mm&r=g\",\"contentUrl\":\"https:\\\/\\\/secure.gravatar.com\\\/avatar\\\/c0f865e62f53fe4c47715bcef8c2935789b3ffdea88f17952c4e53ef87d4e4b3?s=96&d=mm&r=g\",\"caption\":\"Victoria Nover\"}}]}<\/script>\n<!-- \/ Yoast SEO Premium plugin. -->","yoast_head_json":{"title":"La carenza di medici di base \u00e8 finalmente finita\u2026 Quasi.","description":"I medici di base sono una componente essenziale del sistema sanitario svizzero. C'\u00e8 abbastanza ricambio generazionale in questo settore?","robots":{"index":"index","follow":"follow","max-snippet":"max-snippet:-1","max-image-preview":"max-image-preview:large","max-video-preview":"max-video-preview:-1"},"canonical":"https:\/\/info.onedoc.ch\/it\/blog\/medici\/la-carenza-di-medici-di-base-e-finalmente-finita-quasi\/","og_locale":"it_IT","og_type":"article","og_title":"La carenza di medici di base \u00e8 finalmente finita\u2026 Quasi.","og_description":"I medici di base sono una componente essenziale del sistema sanitario svizzero. C'\u00e8 abbastanza ricambio generazionale in questo settore?","og_url":"https:\/\/info.onedoc.ch\/it\/blog\/medici\/la-carenza-di-medici-di-base-e-finalmente-finita-quasi\/","og_site_name":"OneDoc Pro","article_publisher":"https:\/\/www.facebook.com\/onedoc.ch\/","article_published_time":"2025-06-27T11:16:46+00:00","article_modified_time":"2025-08-25T10:46:02+00:00","og_image":[{"width":700,"height":394,"url":"https:\/\/info.onedoc.ch\/wp-content\/uploads\/2025\/06\/penurie-secretaires-centre-medicaux-conseils.jpg","type":"image\/jpeg"}],"author":"Victoria Nover","twitter_card":"summary_large_image","twitter_title":"La carenza di medici di base \u00e8 finalmente finita\u2026 Quasi.","twitter_description":"I medici di base sono una componente essenziale del sistema sanitario svizzero. C'\u00e8 abbastanza ricambio generazionale in questo settore?","twitter_creator":"@onedoc_ch","twitter_site":"@onedoc_ch","twitter_misc":{"Written by":"Victoria Nover","Est. reading time":"3 minuto"},"schema":{"@context":"https:\/\/schema.org","@graph":[{"@type":["Article","BlogPosting"],"@id":"https:\/\/info.onedoc.ch\/it\/blog\/medici\/la-carenza-di-medici-di-base-e-finalmente-finita-quasi\/#article","isPartOf":{"@id":"https:\/\/info.onedoc.ch\/it\/blog\/medici\/la-carenza-di-medici-di-base-e-finalmente-finita-quasi\/"},"author":{"name":"Victoria Nover","@id":"https:\/\/info.onedoc.ch\/it\/#\/schema\/person\/fa9ea006257198a701bc2d21cecbfe65"},"headline":"La carenza di medici di base \u00e8 finalmente finita. Quasi.","datePublished":"2025-06-27T11:16:46+00:00","dateModified":"2025-08-25T10:46:02+00:00","mainEntityOfPage":{"@id":"https:\/\/info.onedoc.ch\/it\/blog\/medici\/la-carenza-di-medici-di-base-e-finalmente-finita-quasi\/"},"wordCount":449,"publisher":{"@id":"https:\/\/info.onedoc.ch\/it\/#organization"},"image":{"@id":"https:\/\/info.onedoc.ch\/it\/blog\/medici\/la-carenza-di-medici-di-base-e-finalmente-finita-quasi\/#primaryimage"},"thumbnailUrl":"https:\/\/info.onedoc.ch\/wp-content\/uploads\/2025\/06\/penurie-secretaires-centre-medicaux-conseils.jpg","keywords":["Attualit\u00e0"],"articleSection":["Medici di base"],"inLanguage":"it-CH"},{"@type":"WebPage","@id":"https:\/\/info.onedoc.ch\/it\/blog\/medici\/la-carenza-di-medici-di-base-e-finalmente-finita-quasi\/","url":"https:\/\/info.onedoc.ch\/it\/blog\/medici\/la-carenza-di-medici-di-base-e-finalmente-finita-quasi\/","name":"La carenza di medici di base \u00e8 finalmente finita\u2026 Quasi.","isPartOf":{"@id":"https:\/\/info.onedoc.ch\/it\/#website"},"primaryImageOfPage":{"@id":"https:\/\/info.onedoc.ch\/it\/blog\/medici\/la-carenza-di-medici-di-base-e-finalmente-finita-quasi\/#primaryimage"},"image":{"@id":"https:\/\/info.onedoc.ch\/it\/blog\/medici\/la-carenza-di-medici-di-base-e-finalmente-finita-quasi\/#primaryimage"},"thumbnailUrl":"https:\/\/info.onedoc.ch\/wp-content\/uploads\/2025\/06\/penurie-secretaires-centre-medicaux-conseils.jpg","datePublished":"2025-06-27T11:16:46+00:00","dateModified":"2025-08-25T10:46:02+00:00","description":"I medici di base sono una componente essenziale del sistema sanitario svizzero. C'\u00e8 abbastanza ricambio generazionale in questo settore?","inLanguage":"it-CH","potentialAction":[{"@type":"ReadAction","target":["https:\/\/info.onedoc.ch\/it\/blog\/medici\/la-carenza-di-medici-di-base-e-finalmente-finita-quasi\/"]}]},{"@type":"ImageObject","inLanguage":"it-CH","@id":"https:\/\/info.onedoc.ch\/it\/blog\/medici\/la-carenza-di-medici-di-base-e-finalmente-finita-quasi\/#primaryimage","url":"https:\/\/info.onedoc.ch\/wp-content\/uploads\/2025\/06\/penurie-secretaires-centre-medicaux-conseils.jpg","contentUrl":"https:\/\/info.onedoc.ch\/wp-content\/uploads\/2025\/06\/penurie-secretaires-centre-medicaux-conseils.jpg","width":700,"height":394,"caption":"Interior of physiotherapy clinic with equipment for rehabilitation. Physical therapy center."},{"@type":"WebSite","@id":"https:\/\/info.onedoc.ch\/it\/#website","url":"https:\/\/info.onedoc.ch\/it\/","name":"OneDoc Pro - Moins d\u2019administratif, plus de temps pour vos patients","description":"L&#039;alli\u00e9 des professionnels de sant\u00e9 suisses au quotidien","publisher":{"@id":"https:\/\/info.onedoc.ch\/it\/#organization"},"alternateName":"OneDoc Pro","potentialAction":[{"@type":"SearchAction","target":{"@type":"EntryPoint","urlTemplate":"https:\/\/info.onedoc.ch\/it\/?s={search_term_string}"},"query-input":{"@type":"PropertyValueSpecification","valueRequired":true,"valueName":"search_term_string"}}],"inLanguage":"it-CH"},{"@type":"Organization","@id":"https:\/\/info.onedoc.ch\/it\/#organization","name":"OneDoc","alternateName":"OneDoc.ch","url":"https:\/\/info.onedoc.ch\/it\/","logo":{"@type":"ImageObject","inLanguage":"it-CH","@id":"https:\/\/info.onedoc.ch\/it\/#\/schema\/logo\/image\/","url":"https:\/\/info.onedoc.ch\/wp-content\/uploads\/2025\/06\/doki-logo.png","contentUrl":"https:\/\/info.onedoc.ch\/wp-content\/uploads\/2025\/06\/doki-logo.png","width":2134,"height":2134,"caption":"OneDoc"},"image":{"@id":"https:\/\/info.onedoc.ch\/it\/#\/schema\/logo\/image\/"},"sameAs":["https:\/\/www.facebook.com\/onedoc.ch\/","https:\/\/x.com\/onedoc_ch","https:\/\/www.instagram.com\/onedoc.ch\/","https:\/\/www.linkedin.com\/company\/onedoc.ch\/","https:\/\/www.youtube.com\/channel\/UCWnlE63em_m8ZioBA5n8Z6w"],"description":"OneDoc est la plateforme leader en Suisse pour la r\u00e9servation de rendez-vous m\u00e9dicaux. Les patients peuvent rechercher des milliers de professionnels de la sant\u00e9 suisses (m\u00e9decins, dentistes et th\u00e9rapeutes) et r\u00e9server un rendez-vous sur place ou une consultation vid\u00e9o en quelques clics, 24 heures sur 24.","legalName":"OneDoc SA","foundingDate":"2016-12-31","numberOfEmployees":{"@type":"QuantitativeValue","minValue":"51","maxValue":"200"}},{"@type":"Person","@id":"https:\/\/info.onedoc.ch\/it\/#\/schema\/person\/fa9ea006257198a701bc2d21cecbfe65","name":"Victoria Nover","image":{"@type":"ImageObject","inLanguage":"it-CH","@id":"https:\/\/secure.gravatar.com\/avatar\/c0f865e62f53fe4c47715bcef8c2935789b3ffdea88f17952c4e53ef87d4e4b3?s=96&d=mm&r=g","url":"https:\/\/secure.gravatar.com\/avatar\/c0f865e62f53fe4c47715bcef8c2935789b3ffdea88f17952c4e53ef87d4e4b3?s=96&d=mm&r=g","contentUrl":"https:\/\/secure.gravatar.com\/avatar\/c0f865e62f53fe4c47715bcef8c2935789b3ffdea88f17952c4e53ef87d4e4b3?s=96&d=mm&r=g","caption":"Victoria Nover"}}]}},"_links":{"self":[{"href":"https:\/\/info.onedoc.ch\/it\/wp-json\/wp\/v2\/posts\/13819","targetHints":{"allow":["GET"]}}],"collection":[{"href":"https:\/\/info.onedoc.ch\/it\/wp-json\/wp\/v2\/posts"}],"about":[{"href":"https:\/\/info.onedoc.ch\/it\/wp-json\/wp\/v2\/types\/post"}],"author":[{"embeddable":true,"href":"https:\/\/info.onedoc.ch\/it\/wp-json\/wp\/v2\/users\/4"}],"replies":[{"embeddable":true,"href":"https:\/\/info.onedoc.ch\/it\/wp-json\/wp\/v2\/comments?post=13819"}],"version-history":[{"count":1,"href":"https:\/\/info.onedoc.ch\/it\/wp-json\/wp\/v2\/posts\/13819\/revisions"}],"predecessor-version":[{"id":13821,"href":"https:\/\/info.onedoc.ch\/it\/wp-json\/wp\/v2\/posts\/13819\/revisions\/13821"}],"wp:featuredmedia":[{"embeddable":true,"href":"https:\/\/info.onedoc.ch\/it\/wp-json\/wp\/v2\/media\/12821"}],"wp:attachment":[{"href":"https:\/\/info.onedoc.ch\/it\/wp-json\/wp\/v2\/media?parent=13819"}],"wp:term":[{"taxonomy":"category","embeddable":true,"href":"https:\/\/info.onedoc.ch\/it\/wp-json\/wp\/v2\/categories?post=13819"},{"taxonomy":"post_tag","embeddable":true,"href":"https:\/\/info.onedoc.ch\/it\/wp-json\/wp\/v2\/tags?post=13819"}],"curies":[{"name":"wp","href":"https:\/\/api.w.org\/{rel}","templated":true}]}}