{"id":31901,"date":"2025-11-07T17:11:22","date_gmt":"2025-11-07T15:11:22","guid":{"rendered":"https:\/\/info.onedoc.ch\/?p=31901"},"modified":"2025-11-07T17:11:22","modified_gmt":"2025-11-07T15:11:22","slug":"forme-juridique-cabinet-medical","status":"publish","type":"post","link":"https:\/\/info.onedoc.ch\/fr\/blog\/toutes-les-specialites\/forme-juridique-cabinet-medical\/","title":{"rendered":"Quelle forme juridique choisir pour un cabinet m\u00e9dical ou dentaire?"},"content":{"rendered":"<div class=\"wpb-content-wrapper\"><p>[vc_row gap=&#8221;10&#8243; kd_background_image_position=&#8221;vc_row-bg-position-top&#8221;][vc_column][vc_column_text css=&#8221;&#8221;]Le choix de la forme juridique d\u2019un cabinet m\u00e9dical ou dentaire en Suisse est une \u00e9tape essentielle lors d\u2019une cr\u00e9ation ou d\u2019une reprise de cabinet en Suisse. Plusieurs options existent, de l\u2019entreprise individuelle \u00e0 la SA. De la responsabilit\u00e9, fiscalit\u00e9, autorisations (RCC \/ C) et organisation au quotidien, voici un tour d\u2019horizon des possibilit\u00e9s.[\/vc_column_text][vc_column_text css=&#8221;.vc_custom_1762523294393{margin-top: 50px !important;margin-bottom: 50px !important;}&#8221;]<\/p>\n<p style=\"text-align: center; font-size: 25px;\"><a href=\"https:\/\/info.onedoc.ch\/fr\/blog\/cabinet-independant\/cas-utilisateur-dr-med-l-gut-orl\/\">\ud83d\udc49Vous cr\u00e9ez ou reprenez votre propre cabinet? D\u00e9couvrez nos conseils!<\/a><\/p>\n<p>[\/vc_column_text]<header class=\"kd-section-title col-lg-12 text-left  subtitle-below-title  btf-q  vc_custom_1762523432497\" ><h2 class=\"separator_off\" >Quelles formes juridiques existent pour les cabinets m\u00e9dicaux et dentaires en Suisse?<\/h2><\/header>[vc_column_text css=&#8221;.vc_custom_1762523484052{margin-bottom: 50px !important;}&#8221; el_class=&#8221;btf-a&#8221;]Les <a href=\"https:\/\/info.onedoc.ch\/fr\/specialite\/specialiste\/\">m\u00e9decins<\/a> et <a href=\"https:\/\/info.onedoc.ch\/fr\/specialite\/dentiste\/\">dentistes<\/a> s\u2019appuient le plus souvent sur les structures suivantes:[\/vc_column_text][vc_column_text css=&#8221;.vc_custom_1762523866975{margin-bottom: 50px !important;}&#8221;]<\/p>\n<figure class=\"wp-block-table\">\n<table class=\"has-fixed-layout\">\n<thead>\n<tr>\n<th><span class=\"notion-enable-hover\" data-token-index=\"0\">Forme juridique<!-- notionvc: e3d1c872-9e0d-4824-8605-29f98296364c --><\/span><\/th>\n<th><span class=\"notion-enable-hover\" data-token-index=\"0\">Profil type<\/span><!-- notionvc: e3d1c872-9e0d-4824-8605-29f98296364c --><\/th>\n<th><span class=\"notion-enable-hover\" data-token-index=\"0\">Responsabilit\u00e9<\/span><!-- notionvc: c0cd7b02-5360-4d0f-a983-9800b90ac25d --><\/th>\n<th><span class=\"notion-enable-hover\" data-token-index=\"0\">Capital minimum<\/span><!-- notionvc: e9f479eb-0985-4d35-9a97-d2bdba9a65b1 --><\/th>\n<th><span class=\"notion-enable-hover\" data-token-index=\"0\">Facturation \/ autorisations<\/span><!-- notionvc: 3a2cef54-4c02-415d-8647-c1fe251106c8 --><\/th>\n<\/tr>\n<\/thead>\n<tbody>\n<tr>\n<td><strong><span class=\"notion-enable-hover\" data-token-index=\"0\">Entreprise individuelle<\/span><\/strong><!-- notionvc: 35ec1e77-b2e5-4a8a-a37c-ed8a8552f0c6 --><\/td>\n<td>Praticien seul, petit cabinet<!-- notionvc: f11032d8-2eeb-4980-9f3f-94628d89a947 --><\/td>\n<td>Personnelle et illimit\u00e9e<!-- notionvc: 0e06cdd3-dd5e-4bf2-b973-24e766ca9217 --><\/td>\n<td>Aucun<!-- notionvc: 40cc6e32-ddb1-4448-a0c4-b2d0e13ebc2f --><br \/>\n<!-- notionvc: 6f033e86-7060-43b6-9669-e36436871427 --><\/td>\n<td>Facturation via <span class=\"notion-enable-hover\" data-token-index=\"1\">num\u00e9ro RCC personnel<\/span><!-- notionvc: 6ec72969-9d12-4099-aadd-7e3382a67003 --><\/td>\n<\/tr>\n<tr>\n<td><strong><span class=\"notion-enable-hover\" data-token-index=\"0\">Soci\u00e9t\u00e9 simple<\/span><\/strong><!-- notionvc: 8bab521a-8cf9-4573-a4ff-3623483d8523 --><\/td>\n<td>2 praticiens ou plus sans personne morale<!-- notionvc: bb4ef43c-8119-456d-aee3-55d6721bb899 --><\/td>\n<td>Personnelle et <span class=\"notion-enable-hover\" data-token-index=\"1\">solidaire<\/span> entre associ\u00e9s<!-- notionvc: f306019e-ce06-4cda-97de-c9ac39ee557d --><\/td>\n<td>Aucun<!-- notionvc: 40cc6e32-ddb1-4448-a0c4-b2d0e13ebc2f --><\/td>\n<td>Infrastructure commune, <span class=\"notion-enable-hover\" data-token-index=\"1\">num\u00e9ros RCC individuels<\/span><!-- notionvc: 38f9918a-f844-421c-b754-a434c63b955b --><\/td>\n<\/tr>\n<tr>\n<td><strong><span class=\"notion-enable-hover\" data-token-index=\"0\">S\u00e0rl (Soci\u00e9t\u00e9 \u00e0 responsabilit\u00e9 limit\u00e9e)<\/span><\/strong><!-- notionvc: 3b3b8a46-08b6-48fd-959c-e9934f45f6c5 --><\/td>\n<td>Cabinet de taille moyenne, \u00e9quipe pluridisciplinaire<!-- notionvc: 6da9be0d-cfc6-4343-ba2c-fb4d7d1b4604 --><\/td>\n<td>Limit\u00e9e au capital social<!-- notionvc: e275124d-538b-45b0-826b-a2c1aebf6433 --><\/td>\n<td><span class=\"notion-enable-hover\" data-token-index=\"0\">CHF 20\u2019000<\/span> min.<!-- notionvc: 1d78acfe-4f4d-4197-827f-0af48f090924 --><\/td>\n<td><span class=\"notion-enable-hover\" data-token-index=\"0\">RCC de la soci\u00e9t\u00e9<\/span> ou <span class=\"notion-enable-hover\" data-token-index=\"2\">num\u00e9ros C<\/span> pour les salari\u00e9s<!-- notionvc: b59641c9-f9b6-4eba-bc8e-02eb38f4c55e --><\/td>\n<\/tr>\n<tr>\n<td><strong><span class=\"notion-enable-hover\" data-token-index=\"0\">SA (Soci\u00e9t\u00e9 anonyme)<\/span><\/strong><!-- notionvc: c32451da-7c37-4d0c-9119-14c6ecad3725 --><\/td>\n<td>Grand cabinet \/ centre m\u00e9dical<!-- notionvc: 04109608-0299-484b-aed5-a02a2476f0c9 --><\/td>\n<td>Limit\u00e9e au capital-actions<!-- notionvc: 74336d1a-e5ea-4e48-84d7-57c038c8b8d2 --><\/td>\n<td><span class=\"notion-enable-hover\" data-token-index=\"0\">CHF 100\u2019000<\/span> (dont CHF 50\u2019000 lib\u00e9r\u00e9s min.)<!-- notionvc: ded8f5e8-16ab-4d3d-ad72-7b678fdc2161 --><\/td>\n<td><span class=\"notion-enable-hover\" data-token-index=\"0\">RCC de la soci\u00e9t\u00e9<\/span> ou <span class=\"notion-enable-hover\" data-token-index=\"2\">num\u00e9ros C<\/span> pour les salari\u00e9s<!-- notionvc: 20d7814c-cd82-4d16-b25d-fac2f530ae09 --><\/td>\n<\/tr>\n<\/tbody>\n<\/table>\n<\/figure>\n<p>[\/vc_column_text][vc_column_text css=&#8221;.vc_custom_1762524087203{margin-bottom: 50px !important;}&#8221;]<\/p>\n<p><strong>\ud83d\udca1 Bon \u00e0 savoir:<\/strong><\/p>\n<p>Le capital de d\u00e9part pour une SA ou S\u00e0rl peut \u00eatre constitu\u00e9 d\u2019actifs en nature. Il vous est donc possible d\u2019utiliser certains de vos \u00e9quipements pour atteindre ce montant. Pour ce faire, l&#8217;apport doit \u00eatre disponible, transf\u00e9rable et faire l&#8217;objet d&#8217;une \u00e9valuation pr\u00e9cise par un r\u00e9viseur agr\u00e9\u00e9 (expert ind\u00e9pendant).<!-- notionvc: 9eeddda1-816f-4069-8e81-4d4e37f1131e --><\/p>\n<p>[\/vc_column_text]<header class=\"kd-section-title col-lg-12 text-left  subtitle-below-title  btf-q  vc_custom_1762524256881\" ><h2 class=\"separator_off\" >Quelle est la forme juridique la plus courante des cabinets m\u00e9dicaux?<\/h2><\/header>[vc_column_text css=&#8221;.vc_custom_1762524251498{margin-bottom: 50px !important;}&#8221; el_class=&#8221;btf-a&#8221;]<\/p>\n<p>Pour un cabinet individuel, l\u2019<strong>entreprise individuelle<\/strong> reste le choix le plus courant: mise en place simple, co\u00fbts de cr\u00e9ation r\u00e9duits, facturation directe avec un RCC personnel. Avec la croissance des \u00e9quipes et des responsabilit\u00e9s \u00e9conomiques, de nombreux m\u00e9decins optent toutefois pour une <strong>S\u00e0rl<\/strong> ou une <strong>SA<\/strong>, afin de limiter les risques et de structurer l\u2019organisation.<!-- notionvc: 150f953d-36fa-4202-9355-c9b5b7af6c3a -->, afin de limiter les risques et de structurer l\u2019organisation.<\/p>\n<p>[\/vc_column_text]<header class=\"kd-section-title col-lg-12 text-left  subtitle-below-title  btf-q  vc_custom_1762524396804\" ><h2 class=\"separator_off\" >SA ou S\u00e0rl: quand est-ce le bon choix?<\/h2><\/header>[vc_column_text css=&#8221;.vc_custom_1762524393048{margin-bottom: 50px !important;}&#8221; el_class=&#8221;btf-a&#8221;]<\/p>\n<p>Privil\u00e9giez une <strong>S\u00e0rl<\/strong> ou une <strong>SA<\/strong> lorsque:<\/p>\n<ul>\n<li>plusieurs m\u00e9decins exercent ensemble<\/li>\n<li>des collaborateurs sont employ\u00e9s<\/li>\n<li>des investissements significatifs (imagerie, fauteuils, locaux, IT) sont pr\u00e9vus<\/li>\n<li>vous souhaitez <strong>s\u00e9parer clairement<\/strong> patrimoine priv\u00e9 et activit\u00e9 professionnelle et limiter les risques<\/li>\n<\/ul>\n<p><strong>Avantages:<\/strong><\/p>\n<ul>\n<li><strong>Responsabilit\u00e9 limit\u00e9e<\/strong> au capital de la soci\u00e9t\u00e9<\/li>\n<li>Distinction nette entre biens priv\u00e9s et professionnels<\/li>\n<li>Possibilit\u00e9 d\u2019employer des m\u00e9decins facturant via un num\u00e9ro C<\/li>\n<li>Transmission des parts et entr\u00e9e d\u2019associ\u00e9s facilit\u00e9e **<\/li>\n<\/ul>\n<p><strong>Inconv\u00e9nients:<\/strong><\/p>\n<ul>\n<li>Proc\u00e9dure de cr\u00e9ation plus lourde, obligations comptables accrues<\/li>\n<li>Double imposition (soci\u00e9t\u00e9 + revenus priv\u00e9s pour la SA)<\/li>\n<\/ul>\n<p>[\/vc_column_text][vc_row_inner equal_height=&#8221;yes&#8221; content_placement=&#8221;middle&#8221; kd_background_image_position=&#8221;vc_row-bg-position-top&#8221; kd_background_overlay=&#8221;true&#8221; css=&#8221;.vc_custom_1757663803556{margin-top: 50px !important;margin-bottom: 50px !important;padding-top: 30px !important;padding-bottom: 30px !important;border-radius: 10px !important;}&#8221;][vc_column_inner width=&#8221;1\/3&#8243; offset=&#8221;vc_hidden-xs&#8221;][vc_single_image image=&#8221;15616&#8243; img_size=&#8221;&#8221; alignment=&#8221;center&#8221; css=&#8221;&#8221;][\/vc_column_inner][vc_column_inner width=&#8221;2\/3&#8243;]<header class=\"kd-section-title col-lg-12 text-left  subtitle-below-title   \" ><h4 class=\"separator_off\" >Optimisez votre cabinet avec les outils digitaux de OneDoc:<\/h4><\/header>[vc_column_text css=&#8221;&#8221;]<\/p>\n<table style=\"width: 100%; border: none;\">\n<tbody style=\"border: none;\">\n<tr style=\"border: none;\">\n<td style=\"border: none;\">\u2705 <a href=\"https:\/\/info.onedoc.ch\/fr\/hub\/prise-de-rdv-en-ligne\/\">Prise de rdv en ligne<\/a><\/td>\n<td style=\"border: none;\">\u2705 <a href=\"https:\/\/info.onedoc.ch\/fr\/visio\/module-de-teleconsultation\/\">T\u00e9l\u00e9consultations<\/a><\/td>\n<\/tr>\n<tr style=\"border: none;\">\n<td style=\"border: none;\">\u2705 <a href=\"https:\/\/info.onedoc.ch\/fr\/hub\/rappels-sms\/\">Rappels par SMS<\/a><\/td>\n<td style=\"border: none;\">\u2705 <a href=\"https:\/\/info.onedoc.ch\/fr\/hub\/gestion-ressources\/\">Gestion des ressources<\/a><\/td>\n<\/tr>\n<\/tbody>\n<\/table>\n<p>[\/vc_column_text]<a  href=\"\"    class=\"tt_button tt_primary_button btn_primary_color hover_solid_secondary btn-align-left button-action-link    popmake-18523\" ><span class=\"prim_text\">Obtenir une d\u00e9mo<\/span><\/a>[\/vc_column_inner][\/vc_row_inner]<header class=\"kd-section-title col-lg-12 text-left  subtitle-below-title  btf-q  vc_custom_1762524623427\" ><h2 class=\"separator_off\" >Soci\u00e9t\u00e9 simple: que faut-il savoir pour les cabinets de groupe?<\/h2><\/header>[vc_column_text css=&#8221;.vc_custom_1762524654627{margin-bottom: 50px !important;}&#8221; el_class=&#8221;btf-a&#8221;]<\/p>\n<p>Sans personne morale, une <strong>soci\u00e9t\u00e9 simple<\/strong> est <strong>automatiquement cr\u00e9\u00e9e<\/strong> lorsque plusieurs praticiens g\u00e8rent ensemble un cabinet.<\/p>\n<p>C\u2019est souple, mais risqu\u00e9: les associ\u00e9s sont <strong>solidairement responsables<\/strong> des dettes.<\/p>\n<p>Chaque m\u00e9decin conserve son <strong>RCC<\/strong> et <strong>facture individuellement<\/strong> les assureurs.<\/p>\n<p>D\u00e8s que l\u2019activit\u00e9 se structure (\u00e9quipe, croissance, mat\u00e9riel), il est souvent judicieux de <strong>passer en S\u00e0rl ou SA<\/strong> pour s\u00e9curiser la responsabilit\u00e9 et clarifier la gouvernance.<\/p>\n<p>[\/vc_column_text]<header class=\"kd-section-title col-lg-12 text-left  subtitle-below-title  btf-q  vc_custom_1762524651401\" ><h2 class=\"separator_off\" >RCC et num\u00e9ros C: quelles diff\u00e9rences selon la forme juridique?<\/h2><\/header>[vc_column_text css=&#8221;.vc_custom_1762524680758{margin-bottom: 50px !important;}&#8221; el_class=&#8221;btf-a&#8221;]<\/p>\n<p><strong>Entreprise individuelle<\/strong><\/p>\n<ul>\n<li>Le num\u00e9ro RCC (Registre des codes-cr\u00e9anciers) est li\u00e9 au praticien en tant que personne physique, qui facture donc en son nom propre.<\/li>\n<li>La facturation se fait directement via le RCC personnel du professionnel, qui doit aussi \u00eatre titulaire de l\u2019autorisation d\u2019exercice.<\/li>\n<\/ul>\n<p><strong>Soci\u00e9t\u00e9 simple<\/strong><\/p>\n<ul>\n<li>En principe, chaque associ\u00e9 conserve son propre num\u00e9ro RCC, car il n\u2019existe pas de personnalit\u00e9 morale distincte : chaque membre agit en son nom et avec sa propre autorisation d\u2019exercer.<\/li>\n<li>La facturation peut donc continuer avec les RCC individuels des associ\u00e9s, mais il n\u2019est pas g\u00e9n\u00e9r\u00e9 de RCC commun.<\/li>\n<\/ul>\n<p><strong>S\u00e0rl \/ SA<\/strong><\/p>\n<ul>\n<li>Le RCC peut \u00eatre attribu\u00e9 au nom de la S\u00e0rl ou de la SA si la soci\u00e9t\u00e9 obtient l\u2019autorisation d\u2019exploiter comme personne morale, ce qui implique que la soci\u00e9t\u00e9 dispose donc de son propre num\u00e9ro RCC pour la facturation.<\/li>\n<li>Toutefois, si des m\u00e9decins sont salari\u00e9s de la soci\u00e9t\u00e9, ils peuvent facturer avec leur propre num\u00e9ro C attribu\u00e9 en tant que salari\u00e9s, sous r\u00e9serve de disposer de l\u2019autorisation ad\u00e9quate.<\/li>\n<\/ul>\n<p>\u26a0\ufe0f Le <strong>RCC<\/strong> est li\u00e9 \u00e0 l\u2019<strong>autorisation d\u2019exercer<\/strong> du praticien. Un changement de structure implique souvent des <strong>formalit\u00e9s de mise \u00e0 jour<\/strong> aupr\u00e8s des assureurs et autorit\u00e9s.<\/p>\n<p>[\/vc_column_text]<header class=\"kd-section-title col-lg-12 text-left  subtitle-below-title    vc_custom_1762524692722\" ><h2 class=\"separator_off\" >En bref: quelle forme juridique choisir pour votre cabinet?<\/h2><\/header>[vc_column_text css=&#8221;.vc_custom_1762524929760{margin-bottom: 50px !important;}&#8221;]<\/p>\n<figure class=\"wp-block-table\">\n<table class=\"has-fixed-layout\">\n<thead>\n<tr>\n<th><strong>Crit\u00e8re<\/strong><\/th>\n<th><strong>Entreprise individuelle<\/strong><\/th>\n<th><strong>S\u00e0rl<\/strong><\/th>\n<th><strong>SA<\/strong><\/th>\n<\/tr>\n<\/thead>\n<tbody>\n<tr>\n<td><strong>Responsabilit\u00e9<\/strong><\/td>\n<td>Illimit\u00e9e<\/td>\n<td>Limit\u00e9e<\/td>\n<td>Limit\u00e9e<\/td>\n<\/tr>\n<tr>\n<td><strong>Complexit\u00e9 de cr\u00e9ation<\/strong><\/td>\n<td>Faible<\/td>\n<td>Moyenne<\/td>\n<td>\u00c9lev\u00e9e<\/td>\n<\/tr>\n<tr>\n<td><strong>Capital minimum<\/strong><\/td>\n<td>Aucun<\/td>\n<td>CHF 20\u2019000<\/td>\n<td>CHF 100\u2019000<\/td>\n<\/tr>\n<tr>\n<td><strong>Fiscalit\u00e9<\/strong><\/td>\n<td>Revenu du\/de la titulaire<\/td>\n<td>Soci\u00e9t\u00e9 + revenu du\/de la titulaire<\/td>\n<td>Double imposition (soci\u00e9t\u00e9 + actionnaires)<\/td>\n<\/tr>\n<tr>\n<td><strong>Taille d\u2019\u00e9quipe<\/strong><\/td>\n<td>Solo<\/td>\n<td>Petite \u00e0 moyenne<\/td>\n<td>Grande structure \/ investisseurs<\/td>\n<\/tr>\n<tr>\n<td><strong>RCC \/ C<\/strong><\/td>\n<td>RCC personnel<\/td>\n<td>RCC soci\u00e9t\u00e9 ou num\u00e9ro C<\/td>\n<td>RCC soci\u00e9t\u00e9 ou num\u00e9ro C<\/td>\n<\/tr>\n<\/tbody>\n<\/table>\n<\/figure>\n<p>[\/vc_column_text]<header class=\"kd-section-title col-lg-12 text-left  subtitle-below-title    vc_custom_1762524951655\" ><h2 class=\"separator_off\" >La bonne forme pour votre cabinet m\u00e9dicale ou dentaire<\/h2><\/header>[vc_column_text css=&#8221;.vc_custom_1762524993893{margin-bottom: 50px !important;}&#8221;]<\/p>\n<ul>\n<li><strong>Vous exercez seul<\/strong> et cherchez la simplicit\u00e9? L\u2019<strong>entreprise individuelle<\/strong> est souvent la plus adapt\u00e9e.<\/li>\n<li><strong>Vous travaillez \u00e0 plusieurs ou recrutez<\/strong>? La <strong>S\u00e0rl<\/strong> offre un bon \u00e9quilibre entre protection et flexibilit\u00e9.<\/li>\n<li><strong>Votre centre est en croissance? Vous pr\u00e9voyez une lev\u00e9e de fonds?<\/strong> La <strong>SA<\/strong> semble la bonne solution pour vous.<\/li>\n<\/ul>\n<p>Quel que soit votre choix, appuyez-vous sur un <span class=\"notion-enable-hover\" data-token-index=\"1\">conseil juridique et fiscal<\/span> pour valider la structure la plus avantageuse \u00e0 long terme (responsabilit\u00e9, r\u00e9mun\u00e9ration, imp\u00f4ts, transfert des parts, autorisations).<\/p>\n<p>[\/vc_column_text][vc_column_text css=&#8221;.vc_custom_1762525039458{margin-top: 50px !important;margin-bottom: 50px !important;}&#8221; el_class=&#8221;popmake-18523&#8243;]<\/p>\n<p style=\"text-align: center; font-size: 25px;\">\ud83d\udc49 <a href=\"#\">\u00c9changez avec nos experts pour d\u00e9couvrir les fonctionnalit\u00e9s adapt\u00e9es \u00e0 votre cabinet.<\/a><\/p>\n<p>[\/vc_column_text][\/vc_column][\/vc_row]<\/p>\n<\/div>","protected":false},"excerpt":{"rendered":"<p>[vc_row gap=&#8221;10&#8243; kd_background_image_position=&#8221;vc_row-bg-position-top&#8221;][vc_column][vc_column_text css=&#8221;&#8221;]Le choix de la forme juridique d\u2019un cabinet m\u00e9dical [&hellip;]<\/p>\n","protected":false},"author":4,"featured_media":31920,"comment_status":"closed","ping_status":"closed","sticky":false,"template":"","format":"standard","meta":{"footnotes":""},"categories":[230],"tags":[386],"class_list":["post-31901","post","type-post","status-publish","format-standard","has-post-thumbnail","hentry","category-toutes-les-specialites","tag-creation-cabinet-medical"],"yoast_head":"<!-- This site is optimized with the Yoast SEO Premium plugin v27.2 (Yoast SEO v27.5) - https:\/\/yoast.com\/product\/yoast-seo-premium-wordpress\/ -->\n<title>Quelle forme juridique choisir pour un cabinet m\u00e9dical ou dentaire<\/title>\n<meta name=\"description\" content=\"D\u00e9couvrez les diff\u00e9rences entre entreprise individuelle, S\u00e0rl et SA pour cr\u00e9er ou g\u00e9rer efficacement votre cabinet m\u00e9dical ou dentaire.\" \/>\n<meta name=\"robots\" content=\"index, follow, max-snippet:-1, max-image-preview:large, max-video-preview:-1\" \/>\n<link rel=\"canonical\" href=\"https:\/\/info.onedoc.ch\/fr\/blog\/toutes-les-specialites\/forme-juridique-cabinet-medical\/\" \/>\n<meta property=\"og:locale\" content=\"fr_FR\" \/>\n<meta property=\"og:type\" content=\"article\" \/>\n<meta property=\"og:title\" content=\"Quelle forme juridique choisir pour un cabinet m\u00e9dical ou dentaire\" \/>\n<meta property=\"og:description\" content=\"D\u00e9couvrez les diff\u00e9rences entre entreprise individuelle, S\u00e0rl et SA pour cr\u00e9er ou g\u00e9rer efficacement votre cabinet m\u00e9dical ou dentaire.\" \/>\n<meta property=\"og:url\" content=\"https:\/\/info.onedoc.ch\/fr\/blog\/toutes-les-specialites\/forme-juridique-cabinet-medical\/\" \/>\n<meta property=\"og:site_name\" content=\"OneDoc Pro\" \/>\n<meta property=\"article:publisher\" content=\"https:\/\/www.facebook.com\/onedoc.ch\/\" \/>\n<meta property=\"article:published_time\" content=\"2025-11-07T15:11:22+00:00\" \/>\n<meta property=\"og:image\" content=\"https:\/\/info.onedoc.ch\/wp-content\/uploads\/2025\/11\/forme-juridique-choisir-pour-un-cabinet-medical-scaled.jpg\" \/>\n\t<meta property=\"og:image:width\" content=\"2560\" \/>\n\t<meta property=\"og:image:height\" content=\"1707\" \/>\n\t<meta property=\"og:image:type\" content=\"image\/jpeg\" \/>\n<meta name=\"author\" content=\"Victoria Nover\" \/>\n<meta name=\"twitter:card\" content=\"summary_large_image\" \/>\n<meta name=\"twitter:title\" content=\"Quelle forme juridique choisir pour un cabinet m\u00e9dical ou dentaire\" \/>\n<meta name=\"twitter:description\" content=\"D\u00e9couvrez les diff\u00e9rences entre entreprise individuelle, S\u00e0rl et SA pour cr\u00e9er ou g\u00e9rer efficacement votre cabinet m\u00e9dical ou dentaire.\" \/>\n<meta name=\"twitter:creator\" content=\"@onedoc_ch\" \/>\n<meta name=\"twitter:site\" content=\"@onedoc_ch\" \/>\n<meta name=\"twitter:label1\" content=\"Written by\" \/>\n\t<meta name=\"twitter:data1\" content=\"Victoria Nover\" \/>\n\t<meta name=\"twitter:label2\" content=\"Est. reading time\" \/>\n\t<meta name=\"twitter:data2\" content=\"6 minutes\" \/>\n<script type=\"application\/ld+json\" class=\"yoast-schema-graph\">{\"@context\":\"https:\\\/\\\/schema.org\",\"@graph\":[{\"@type\":[\"Article\",\"BlogPosting\"],\"@id\":\"https:\\\/\\\/info.onedoc.ch\\\/fr\\\/blog\\\/toutes-les-specialites\\\/forme-juridique-cabinet-medical\\\/#article\",\"isPartOf\":{\"@id\":\"https:\\\/\\\/info.onedoc.ch\\\/fr\\\/blog\\\/toutes-les-specialites\\\/forme-juridique-cabinet-medical\\\/\"},\"author\":{\"name\":\"Victoria Nover\",\"@id\":\"https:\\\/\\\/info.onedoc.ch\\\/fr\\\/#\\\/schema\\\/person\\\/fa9ea006257198a701bc2d21cecbfe65\"},\"headline\":\"Quelle forme juridique choisir pour un cabinet m\u00e9dical ou dentaire?\",\"datePublished\":\"2025-11-07T15:11:22+00:00\",\"mainEntityOfPage\":{\"@id\":\"https:\\\/\\\/info.onedoc.ch\\\/fr\\\/blog\\\/toutes-les-specialites\\\/forme-juridique-cabinet-medical\\\/\"},\"wordCount\":1622,\"publisher\":{\"@id\":\"https:\\\/\\\/info.onedoc.ch\\\/fr\\\/#organization\"},\"image\":{\"@id\":\"https:\\\/\\\/info.onedoc.ch\\\/fr\\\/blog\\\/toutes-les-specialites\\\/forme-juridique-cabinet-medical\\\/#primaryimage\"},\"thumbnailUrl\":\"https:\\\/\\\/info.onedoc.ch\\\/wp-content\\\/uploads\\\/2025\\\/11\\\/forme-juridique-choisir-pour-un-cabinet-medical-scaled.jpg\",\"keywords\":[\"Cr\u00e9ation de cabinet m\u00e9dical\"],\"articleSection\":[\"Toutes les sp\u00e9cialit\u00e9s\"],\"inLanguage\":\"fr-CH\"},{\"@type\":\"WebPage\",\"@id\":\"https:\\\/\\\/info.onedoc.ch\\\/fr\\\/blog\\\/toutes-les-specialites\\\/forme-juridique-cabinet-medical\\\/\",\"url\":\"https:\\\/\\\/info.onedoc.ch\\\/fr\\\/blog\\\/toutes-les-specialites\\\/forme-juridique-cabinet-medical\\\/\",\"name\":\"Quelle forme juridique choisir pour un cabinet m\u00e9dical ou dentaire\",\"isPartOf\":{\"@id\":\"https:\\\/\\\/info.onedoc.ch\\\/fr\\\/#website\"},\"primaryImageOfPage\":{\"@id\":\"https:\\\/\\\/info.onedoc.ch\\\/fr\\\/blog\\\/toutes-les-specialites\\\/forme-juridique-cabinet-medical\\\/#primaryimage\"},\"image\":{\"@id\":\"https:\\\/\\\/info.onedoc.ch\\\/fr\\\/blog\\\/toutes-les-specialites\\\/forme-juridique-cabinet-medical\\\/#primaryimage\"},\"thumbnailUrl\":\"https:\\\/\\\/info.onedoc.ch\\\/wp-content\\\/uploads\\\/2025\\\/11\\\/forme-juridique-choisir-pour-un-cabinet-medical-scaled.jpg\",\"datePublished\":\"2025-11-07T15:11:22+00:00\",\"description\":\"D\u00e9couvrez les diff\u00e9rences entre entreprise individuelle, S\u00e0rl et SA pour cr\u00e9er ou g\u00e9rer efficacement votre cabinet m\u00e9dical ou dentaire.\",\"inLanguage\":\"fr-CH\",\"potentialAction\":[{\"@type\":\"ReadAction\",\"target\":[\"https:\\\/\\\/info.onedoc.ch\\\/fr\\\/blog\\\/toutes-les-specialites\\\/forme-juridique-cabinet-medical\\\/\"]}]},{\"@type\":\"ImageObject\",\"inLanguage\":\"fr-CH\",\"@id\":\"https:\\\/\\\/info.onedoc.ch\\\/fr\\\/blog\\\/toutes-les-specialites\\\/forme-juridique-cabinet-medical\\\/#primaryimage\",\"url\":\"https:\\\/\\\/info.onedoc.ch\\\/wp-content\\\/uploads\\\/2025\\\/11\\\/forme-juridique-choisir-pour-un-cabinet-medical-scaled.jpg\",\"contentUrl\":\"https:\\\/\\\/info.onedoc.ch\\\/wp-content\\\/uploads\\\/2025\\\/11\\\/forme-juridique-choisir-pour-un-cabinet-medical-scaled.jpg\",\"width\":2560,\"height\":1707,\"caption\":\"Quelle forme juridique choisir pour un cabinet m\u00e9dical ou dentaire?\"},{\"@type\":\"WebSite\",\"@id\":\"https:\\\/\\\/info.onedoc.ch\\\/fr\\\/#website\",\"url\":\"https:\\\/\\\/info.onedoc.ch\\\/fr\\\/\",\"name\":\"OneDoc Pro - Moins d\u2019administratif, plus de temps pour vos patients\",\"description\":\"L&#039;alli\u00e9 des professionnels de sant\u00e9 suisses au quotidien\",\"publisher\":{\"@id\":\"https:\\\/\\\/info.onedoc.ch\\\/fr\\\/#organization\"},\"alternateName\":\"OneDoc Pro\",\"potentialAction\":[{\"@type\":\"SearchAction\",\"target\":{\"@type\":\"EntryPoint\",\"urlTemplate\":\"https:\\\/\\\/info.onedoc.ch\\\/fr\\\/?s={search_term_string}\"},\"query-input\":{\"@type\":\"PropertyValueSpecification\",\"valueRequired\":true,\"valueName\":\"search_term_string\"}}],\"inLanguage\":\"fr-CH\"},{\"@type\":\"Organization\",\"@id\":\"https:\\\/\\\/info.onedoc.ch\\\/fr\\\/#organization\",\"name\":\"OneDoc\",\"alternateName\":\"OneDoc.ch\",\"url\":\"https:\\\/\\\/info.onedoc.ch\\\/fr\\\/\",\"logo\":{\"@type\":\"ImageObject\",\"inLanguage\":\"fr-CH\",\"@id\":\"https:\\\/\\\/info.onedoc.ch\\\/fr\\\/#\\\/schema\\\/logo\\\/image\\\/\",\"url\":\"https:\\\/\\\/info.onedoc.ch\\\/wp-content\\\/uploads\\\/2025\\\/06\\\/doki-logo.png\",\"contentUrl\":\"https:\\\/\\\/info.onedoc.ch\\\/wp-content\\\/uploads\\\/2025\\\/06\\\/doki-logo.png\",\"width\":2134,\"height\":2134,\"caption\":\"OneDoc\"},\"image\":{\"@id\":\"https:\\\/\\\/info.onedoc.ch\\\/fr\\\/#\\\/schema\\\/logo\\\/image\\\/\"},\"sameAs\":[\"https:\\\/\\\/www.facebook.com\\\/onedoc.ch\\\/\",\"https:\\\/\\\/x.com\\\/onedoc_ch\",\"https:\\\/\\\/www.instagram.com\\\/onedoc.ch\\\/\",\"https:\\\/\\\/www.linkedin.com\\\/company\\\/onedoc.ch\\\/\",\"https:\\\/\\\/www.youtube.com\\\/channel\\\/UCWnlE63em_m8ZioBA5n8Z6w\"],\"description\":\"OneDoc est la plateforme leader en Suisse pour la r\u00e9servation de rendez-vous m\u00e9dicaux. Les patients peuvent rechercher des milliers de professionnels de la sant\u00e9 suisses (m\u00e9decins, dentistes et th\u00e9rapeutes) et r\u00e9server un rendez-vous sur place ou une consultation vid\u00e9o en quelques clics, 24 heures sur 24.\",\"legalName\":\"OneDoc SA\",\"foundingDate\":\"2016-12-31\",\"numberOfEmployees\":{\"@type\":\"QuantitativeValue\",\"minValue\":\"51\",\"maxValue\":\"200\"}},{\"@type\":\"Person\",\"@id\":\"https:\\\/\\\/info.onedoc.ch\\\/fr\\\/#\\\/schema\\\/person\\\/fa9ea006257198a701bc2d21cecbfe65\",\"name\":\"Victoria Nover\",\"image\":{\"@type\":\"ImageObject\",\"inLanguage\":\"fr-CH\",\"@id\":\"https:\\\/\\\/secure.gravatar.com\\\/avatar\\\/c0f865e62f53fe4c47715bcef8c2935789b3ffdea88f17952c4e53ef87d4e4b3?s=96&d=mm&r=g\",\"url\":\"https:\\\/\\\/secure.gravatar.com\\\/avatar\\\/c0f865e62f53fe4c47715bcef8c2935789b3ffdea88f17952c4e53ef87d4e4b3?s=96&d=mm&r=g\",\"contentUrl\":\"https:\\\/\\\/secure.gravatar.com\\\/avatar\\\/c0f865e62f53fe4c47715bcef8c2935789b3ffdea88f17952c4e53ef87d4e4b3?s=96&d=mm&r=g\",\"caption\":\"Victoria Nover\"}}]}<\/script>\n<!-- \/ Yoast SEO Premium plugin. -->","yoast_head_json":{"title":"Quelle forme juridique choisir pour un cabinet m\u00e9dical ou dentaire","description":"D\u00e9couvrez les diff\u00e9rences entre entreprise individuelle, S\u00e0rl et SA pour cr\u00e9er ou g\u00e9rer efficacement votre cabinet m\u00e9dical ou dentaire.","robots":{"index":"index","follow":"follow","max-snippet":"max-snippet:-1","max-image-preview":"max-image-preview:large","max-video-preview":"max-video-preview:-1"},"canonical":"https:\/\/info.onedoc.ch\/fr\/blog\/toutes-les-specialites\/forme-juridique-cabinet-medical\/","og_locale":"fr_FR","og_type":"article","og_title":"Quelle forme juridique choisir pour un cabinet m\u00e9dical ou dentaire","og_description":"D\u00e9couvrez les diff\u00e9rences entre entreprise individuelle, S\u00e0rl et SA pour cr\u00e9er ou g\u00e9rer efficacement votre cabinet m\u00e9dical ou dentaire.","og_url":"https:\/\/info.onedoc.ch\/fr\/blog\/toutes-les-specialites\/forme-juridique-cabinet-medical\/","og_site_name":"OneDoc Pro","article_publisher":"https:\/\/www.facebook.com\/onedoc.ch\/","article_published_time":"2025-11-07T15:11:22+00:00","og_image":[{"width":2560,"height":1707,"url":"https:\/\/info.onedoc.ch\/wp-content\/uploads\/2025\/11\/forme-juridique-choisir-pour-un-cabinet-medical-scaled.jpg","type":"image\/jpeg"}],"author":"Victoria Nover","twitter_card":"summary_large_image","twitter_title":"Quelle forme juridique choisir pour un cabinet m\u00e9dical ou dentaire","twitter_description":"D\u00e9couvrez les diff\u00e9rences entre entreprise individuelle, S\u00e0rl et SA pour cr\u00e9er ou g\u00e9rer efficacement votre cabinet m\u00e9dical ou dentaire.","twitter_creator":"@onedoc_ch","twitter_site":"@onedoc_ch","twitter_misc":{"Written by":"Victoria Nover","Est. reading time":"6 minutes"},"schema":{"@context":"https:\/\/schema.org","@graph":[{"@type":["Article","BlogPosting"],"@id":"https:\/\/info.onedoc.ch\/fr\/blog\/toutes-les-specialites\/forme-juridique-cabinet-medical\/#article","isPartOf":{"@id":"https:\/\/info.onedoc.ch\/fr\/blog\/toutes-les-specialites\/forme-juridique-cabinet-medical\/"},"author":{"name":"Victoria Nover","@id":"https:\/\/info.onedoc.ch\/fr\/#\/schema\/person\/fa9ea006257198a701bc2d21cecbfe65"},"headline":"Quelle forme juridique choisir pour un cabinet m\u00e9dical ou dentaire?","datePublished":"2025-11-07T15:11:22+00:00","mainEntityOfPage":{"@id":"https:\/\/info.onedoc.ch\/fr\/blog\/toutes-les-specialites\/forme-juridique-cabinet-medical\/"},"wordCount":1622,"publisher":{"@id":"https:\/\/info.onedoc.ch\/fr\/#organization"},"image":{"@id":"https:\/\/info.onedoc.ch\/fr\/blog\/toutes-les-specialites\/forme-juridique-cabinet-medical\/#primaryimage"},"thumbnailUrl":"https:\/\/info.onedoc.ch\/wp-content\/uploads\/2025\/11\/forme-juridique-choisir-pour-un-cabinet-medical-scaled.jpg","keywords":["Cr\u00e9ation de cabinet m\u00e9dical"],"articleSection":["Toutes les sp\u00e9cialit\u00e9s"],"inLanguage":"fr-CH"},{"@type":"WebPage","@id":"https:\/\/info.onedoc.ch\/fr\/blog\/toutes-les-specialites\/forme-juridique-cabinet-medical\/","url":"https:\/\/info.onedoc.ch\/fr\/blog\/toutes-les-specialites\/forme-juridique-cabinet-medical\/","name":"Quelle forme juridique choisir pour un cabinet m\u00e9dical ou dentaire","isPartOf":{"@id":"https:\/\/info.onedoc.ch\/fr\/#website"},"primaryImageOfPage":{"@id":"https:\/\/info.onedoc.ch\/fr\/blog\/toutes-les-specialites\/forme-juridique-cabinet-medical\/#primaryimage"},"image":{"@id":"https:\/\/info.onedoc.ch\/fr\/blog\/toutes-les-specialites\/forme-juridique-cabinet-medical\/#primaryimage"},"thumbnailUrl":"https:\/\/info.onedoc.ch\/wp-content\/uploads\/2025\/11\/forme-juridique-choisir-pour-un-cabinet-medical-scaled.jpg","datePublished":"2025-11-07T15:11:22+00:00","description":"D\u00e9couvrez les diff\u00e9rences entre entreprise individuelle, S\u00e0rl et SA pour cr\u00e9er ou g\u00e9rer efficacement votre cabinet m\u00e9dical ou dentaire.","inLanguage":"fr-CH","potentialAction":[{"@type":"ReadAction","target":["https:\/\/info.onedoc.ch\/fr\/blog\/toutes-les-specialites\/forme-juridique-cabinet-medical\/"]}]},{"@type":"ImageObject","inLanguage":"fr-CH","@id":"https:\/\/info.onedoc.ch\/fr\/blog\/toutes-les-specialites\/forme-juridique-cabinet-medical\/#primaryimage","url":"https:\/\/info.onedoc.ch\/wp-content\/uploads\/2025\/11\/forme-juridique-choisir-pour-un-cabinet-medical-scaled.jpg","contentUrl":"https:\/\/info.onedoc.ch\/wp-content\/uploads\/2025\/11\/forme-juridique-choisir-pour-un-cabinet-medical-scaled.jpg","width":2560,"height":1707,"caption":"Quelle forme juridique choisir pour un cabinet m\u00e9dical ou dentaire?"},{"@type":"WebSite","@id":"https:\/\/info.onedoc.ch\/fr\/#website","url":"https:\/\/info.onedoc.ch\/fr\/","name":"OneDoc Pro - Moins d\u2019administratif, plus de temps pour vos patients","description":"L&#039;alli\u00e9 des professionnels de sant\u00e9 suisses au quotidien","publisher":{"@id":"https:\/\/info.onedoc.ch\/fr\/#organization"},"alternateName":"OneDoc Pro","potentialAction":[{"@type":"SearchAction","target":{"@type":"EntryPoint","urlTemplate":"https:\/\/info.onedoc.ch\/fr\/?s={search_term_string}"},"query-input":{"@type":"PropertyValueSpecification","valueRequired":true,"valueName":"search_term_string"}}],"inLanguage":"fr-CH"},{"@type":"Organization","@id":"https:\/\/info.onedoc.ch\/fr\/#organization","name":"OneDoc","alternateName":"OneDoc.ch","url":"https:\/\/info.onedoc.ch\/fr\/","logo":{"@type":"ImageObject","inLanguage":"fr-CH","@id":"https:\/\/info.onedoc.ch\/fr\/#\/schema\/logo\/image\/","url":"https:\/\/info.onedoc.ch\/wp-content\/uploads\/2025\/06\/doki-logo.png","contentUrl":"https:\/\/info.onedoc.ch\/wp-content\/uploads\/2025\/06\/doki-logo.png","width":2134,"height":2134,"caption":"OneDoc"},"image":{"@id":"https:\/\/info.onedoc.ch\/fr\/#\/schema\/logo\/image\/"},"sameAs":["https:\/\/www.facebook.com\/onedoc.ch\/","https:\/\/x.com\/onedoc_ch","https:\/\/www.instagram.com\/onedoc.ch\/","https:\/\/www.linkedin.com\/company\/onedoc.ch\/","https:\/\/www.youtube.com\/channel\/UCWnlE63em_m8ZioBA5n8Z6w"],"description":"OneDoc est la plateforme leader en Suisse pour la r\u00e9servation de rendez-vous m\u00e9dicaux. Les patients peuvent rechercher des milliers de professionnels de la sant\u00e9 suisses (m\u00e9decins, dentistes et th\u00e9rapeutes) et r\u00e9server un rendez-vous sur place ou une consultation vid\u00e9o en quelques clics, 24 heures sur 24.","legalName":"OneDoc SA","foundingDate":"2016-12-31","numberOfEmployees":{"@type":"QuantitativeValue","minValue":"51","maxValue":"200"}},{"@type":"Person","@id":"https:\/\/info.onedoc.ch\/fr\/#\/schema\/person\/fa9ea006257198a701bc2d21cecbfe65","name":"Victoria Nover","image":{"@type":"ImageObject","inLanguage":"fr-CH","@id":"https:\/\/secure.gravatar.com\/avatar\/c0f865e62f53fe4c47715bcef8c2935789b3ffdea88f17952c4e53ef87d4e4b3?s=96&d=mm&r=g","url":"https:\/\/secure.gravatar.com\/avatar\/c0f865e62f53fe4c47715bcef8c2935789b3ffdea88f17952c4e53ef87d4e4b3?s=96&d=mm&r=g","contentUrl":"https:\/\/secure.gravatar.com\/avatar\/c0f865e62f53fe4c47715bcef8c2935789b3ffdea88f17952c4e53ef87d4e4b3?s=96&d=mm&r=g","caption":"Victoria Nover"}}]}},"_links":{"self":[{"href":"https:\/\/info.onedoc.ch\/fr\/wp-json\/wp\/v2\/posts\/31901","targetHints":{"allow":["GET"]}}],"collection":[{"href":"https:\/\/info.onedoc.ch\/fr\/wp-json\/wp\/v2\/posts"}],"about":[{"href":"https:\/\/info.onedoc.ch\/fr\/wp-json\/wp\/v2\/types\/post"}],"author":[{"embeddable":true,"href":"https:\/\/info.onedoc.ch\/fr\/wp-json\/wp\/v2\/users\/4"}],"replies":[{"embeddable":true,"href":"https:\/\/info.onedoc.ch\/fr\/wp-json\/wp\/v2\/comments?post=31901"}],"version-history":[{"count":6,"href":"https:\/\/info.onedoc.ch\/fr\/wp-json\/wp\/v2\/posts\/31901\/revisions"}],"predecessor-version":[{"id":31929,"href":"https:\/\/info.onedoc.ch\/fr\/wp-json\/wp\/v2\/posts\/31901\/revisions\/31929"}],"wp:featuredmedia":[{"embeddable":true,"href":"https:\/\/info.onedoc.ch\/fr\/wp-json\/wp\/v2\/media\/31920"}],"wp:attachment":[{"href":"https:\/\/info.onedoc.ch\/fr\/wp-json\/wp\/v2\/media?parent=31901"}],"wp:term":[{"taxonomy":"category","embeddable":true,"href":"https:\/\/info.onedoc.ch\/fr\/wp-json\/wp\/v2\/categories?post=31901"},{"taxonomy":"post_tag","embeddable":true,"href":"https:\/\/info.onedoc.ch\/fr\/wp-json\/wp\/v2\/tags?post=31901"}],"curies":[{"name":"wp","href":"https:\/\/api.w.org\/{rel}","templated":true}]}}