{"id":31208,"date":"2025-10-31T18:08:53","date_gmt":"2025-10-31T16:08:53","guid":{"rendered":"https:\/\/info.onedoc.ch\/?p=31208"},"modified":"2025-11-19T15:54:35","modified_gmt":"2025-11-19T13:54:35","slug":"reprise-cabinet-medical-suisse","status":"publish","type":"post","link":"https:\/\/info.onedoc.ch\/fr\/blog\/toutes-les-specialites\/reprise-cabinet-medical-suisse\/","title":{"rendered":"R\u00e9ussir la reprise d\u2019un cabinet m\u00e9dical en Suisse"},"content":{"rendered":"<div class=\"wpb-content-wrapper\"><p>[vc_row gap=&#8221;10&#8243; kd_background_image_position=&#8221;vc_row-bg-position-top&#8221;][vc_column][vc_column_text css=&#8221;&#8221;]La <strong>reprise d\u2019un <a href=\"https:\/\/info.onedoc.ch\/fr\/specialite\/centre-medical\/\">cabinet m\u00e9dical<\/a><\/strong> repr\u00e9sente une \u00e9tape majeure dans la carri\u00e8re d\u2019un professionnel de sant\u00e9. Qu\u2019il s\u2019agisse de succ\u00e9der \u00e0 un confr\u00e8re ou de faire ses <a href=\"https:\/\/info.onedoc.ch\/fr\/blog\/cabinet-independant\/ouvrir-cabinet-medical-independant\/\">premiers pas en tant qu\u2019ind\u00e9pendant<\/a>, la r\u00e9ussite de cette transition repose sur une pr\u00e9paration rigoureuse.<\/p>\n<p>Dans cet article, nous vous proposons un <strong>guide complet<\/strong> pour r\u00e9ussir la <strong>reprise, le financement et la transmission d\u2019un cabinet m\u00e9dical en Suisse<\/strong>[\/vc_column_text][vc_column_text css=&#8221;.vc_custom_1761908636801{margin-top: 50px !important;margin-bottom: 50px !important;}&#8221; el_class=&#8221;popmake-18523&#8243;]<\/p>\n<p style=\"text-align: center; font-size: 25px;\">\ud83d\udcd4 <a href=\"https:\/\/info.onedoc.ch\/fr\/blog\/cabinet-independant\/cas-utilisateur-dr-med-l-gut-orl\/\">La Dre Daniela Gut partage ses conseils pratiques pour une reprise de cabinet r\u00e9ussie<\/a><\/p>\n<p>[\/vc_column_text]<header class=\"kd-section-title col-lg-12 text-left  subtitle-below-title  btf-q  vc_custom_1761909135126\" ><h2 class=\"separator_off\" >Pourquoi reprendre un cabinet m\u00e9dical?<\/h2><\/header>[vc_column_text css=&#8221;.vc_custom_1761909141731{margin-bottom: 50px !important;}&#8221; el_class=&#8221;btf-a&#8221;]Reprendre un <strong>cabinet m\u00e9dical existant<\/strong> pr\u00e9sente de nombreux avantages par rapport \u00e0 une cr\u00e9ation de cabinet. Vous b\u00e9n\u00e9ficiez notament:<\/p>\n<ul>\n<li>D\u2019un <strong>patient\u00e8le existante<\/strong>, d\u00e9j\u00e0 fid\u00e9lis\u00e9e<\/li>\n<li>D\u2019une <strong>infrastructure op\u00e9rationnelle<\/strong>: mat\u00e9riel, logiciels, locaux<\/li>\n<li>D\u2019une <strong>\u00e9quipe exp\u00e9riment\u00e9e:<\/strong> assistantes m\u00e9dicales, secr\u00e9tariat<\/li>\n<li>De <strong>revenus pr\u00e9visible<\/strong>, selon sur l\u2019historique d\u2019activit\u00e9<\/li>\n<\/ul>\n<p>Ces atouts vous permettent de <strong>r\u00e9duire le risque financier<\/strong> et de gagner un temps pr\u00e9cieux en \u00e9vitant les longues d\u00e9marches de mise en place administrative et technique.<\/p>\n<p>Cependant, une <strong>reprise de cabinet m\u00e9dical<\/strong> n\u2019est pas sans risques. Certains baux peuvent \u00eatre d\u00e9savantageux, les \u00e9quipements v\u00e9tustes, ou la patient\u00e8le en d\u00e9clin. Une <strong>analyse approfondie<\/strong> de la situation s\u2019impose avant toute signature de contrat![\/vc_column_text]<header class=\"kd-section-title col-lg-12 text-left  subtitle-below-title    vc_custom_1761908711327\" ><h2 class=\"separator_off\" >Trouver le bon cabinet m\u00e9dical \u00e0 reprendre<\/h2><\/header>[vc_column_text css=&#8221;.vc_custom_1761908750489{margin-bottom: 50px !important;}&#8221;]Le choix du bon cabinet conditionne largement le succ\u00e8s de votre installation. Nous vous recommandons de consulter r\u00e9guli\u00e8rement les <strong>plateformes sp\u00e9cialis\u00e9es dans la vente ou la reprise de cabinets m\u00e9dicaux<\/strong> et d\u2019activer votre r\u00e9seau professionnel. Les associations m\u00e9dicales et les interm\u00e9diaires sp\u00e9cialis\u00e9s peuvent aussi \u00eatre d\u2019une aide pr\u00e9cieuse. Voici les <strong>crit\u00e8res essentiels<\/strong> \u00e0 prendre en compte:[\/vc_column_text]<header class=\"kd-section-title col-lg-12 text-left  subtitle-below-title    vc_custom_1761908769354\" ><h3 class=\"separator_off\" >L\u2019emplacement<\/h3><\/header>[vc_column_text css=&#8221;.vc_custom_1761908789702{margin-bottom: 50px !important;}&#8221;]L\u2019emplacement du cabinet influence directement votre patient\u00e8le et votre rentabilit\u00e9.<\/p>\n<p>\u00c9valuez:<\/p>\n<ul>\n<li>L\u2019<strong>accessibilit\u00e9<\/strong> (transports, parking, visibilit\u00e9)<\/li>\n<li>La <strong>densit\u00e9 m\u00e9dicale<\/strong> locale<\/li>\n<li>Le <strong>potentiel d\u00e9mographique<\/strong> et socio-\u00e9conomique de la r\u00e9gion<\/li>\n<li>Les <strong>projets d\u2019urbanisme<\/strong> (nouvelles zones d\u2019habitation, centres commerciaux, etc.)<\/li>\n<\/ul>\n<p><strong>Exemple<\/strong>: Un cabinet \u00e0 Lausanne, Gen\u00e8ve ou Nyon offrira un bassin de population dense, mais avec davantage de concurrence et des loyer plus \u00e9lev\u00e9s. En revanche, une installation \u00e0 Fribourg, Neuch\u00e2tel ou dans le Jura peut offrir un meilleur \u00e9quilibre entre qualit\u00e9 de vie et demande m\u00e9dicale.[\/vc_column_text][vc_row_inner equal_height=&#8221;yes&#8221; content_placement=&#8221;middle&#8221; kd_background_image_position=&#8221;vc_row-bg-position-top&#8221; kd_background_overlay=&#8221;true&#8221; css=&#8221;.vc_custom_1757663803556{margin-top: 50px !important;margin-bottom: 50px !important;padding-top: 30px !important;padding-bottom: 30px !important;border-radius: 10px !important;}&#8221;][vc_column_inner width=&#8221;1\/3&#8243; offset=&#8221;vc_hidden-xs&#8221;][vc_single_image image=&#8221;15616&#8243; img_size=&#8221;&#8221; alignment=&#8221;center&#8221; css=&#8221;&#8221;][\/vc_column_inner][vc_column_inner width=&#8221;2\/3&#8243;]<header class=\"kd-section-title col-lg-12 text-left  subtitle-below-title   \" ><h4 class=\"separator_off\" >Nos solutions pour une gestion moderne de votre nouveau cabinet:<\/h4><\/header>[vc_column_text css=&#8221;&#8221;]<\/p>\n<table style=\"width: 100%; border: none;\">\n<tbody style=\"border: none;\">\n<tr style=\"border: none;\">\n<td style=\"border: none;\">\u2705 <a href=\"https:\/\/info.onedoc.ch\/fr\/hub\/agenda\/\">Agenda m\u00e9dical<\/a><\/td>\n<td style=\"border: none;\">\u2705 <a href=\"https:\/\/info.onedoc.ch\/fr\/hub\/prise-de-rdv-en-ligne\/\">Prise de RDV en ligne<\/a><\/td>\n<\/tr>\n<tr style=\"border: none;\">\n<td style=\"border: none;\">\u2705 <a href=\"https:\/\/info.onedoc.ch\/fr\/hub\/bouton-reserver-sur-google\/\">Bouton r\u00e9server sur Google<\/a><\/td>\n<td style=\"border: none;\">\u2705 <a href=\"https:\/\/info.onedoc.ch\/fr\/hub\/rappels-sms\/\">Rappels SMS<\/a><\/td>\n<\/tr>\n<\/tbody>\n<\/table>\n<p>[\/vc_column_text]<a  href=\"\"    class=\"tt_button tt_primary_button btn_primary_color hover_solid_secondary btn-align-left button-action-link    popmake-18523\" ><span class=\"prim_text\">Obtenir une d\u00e9mo<\/span><\/a>[\/vc_column_inner][\/vc_row_inner]<header class=\"kd-section-title col-lg-12 text-left  subtitle-below-title    vc_custom_1761908804833\" ><h3 class=\"separator_off\" >La sp\u00e9cialit\u00e9 et le positionnement<\/h3><\/header>[vc_column_text css=&#8221;.vc_custom_1761908848003{margin-bottom: 50px !important;}&#8221;]Choisissez un cabinet correspondant \u00e0 votre <strong>sp\u00e9cialit\u00e9<\/strong> (m\u00e9decine g\u00e9n\u00e9rale, physioth\u00e9rapie, gyn\u00e9cologie, etc.) et \u00e0 votre <strong>&gt;vision du m\u00e9tier<\/strong>: pratique solo, cabinet de groupe, ou centre pluridisciplinaire.[\/vc_column_text]<header class=\"kd-section-title col-lg-12 text-left  subtitle-below-title    vc_custom_1761908861183\" ><h3 class=\"separator_off\" >L\u2019\u00e9tat des locaux et du mat\u00e9riel<\/h3><\/header>[vc_column_text css=&#8221;.vc_custom_1761908899089{margin-bottom: 50px !important;}&#8221;]Inspectez les locaux: conformit\u00e9 aux <strong>normes d\u2019accessibilit\u00e9<\/strong>, d\u2019<strong>hygi\u00e8ne<\/strong> et d\u2019<strong>\u00e9quipement<\/strong> (OFSP, SUVA). Demandez l\u2019inventaire complet du mobilier, du mat\u00e9riel m\u00e9dical et des logiciels utilis\u00e9s.[\/vc_column_text]<header class=\"kd-section-title col-lg-12 text-left  subtitle-below-title    vc_custom_1761908920980\" ><h3 class=\"separator_off\" >Le profil de la patient\u00e8le<\/h3><\/header>[vc_column_text css=&#8221;.vc_custom_1761908945366{margin-bottom: 50px !important;}&#8221;]Une <strong>patient\u00e8le fid\u00e8le<\/strong>, \u00e9quilibr\u00e9e entre nouveaux et anciens patients, garantit la <strong>continuit\u00e9 du chiffre d\u2019affaires<\/strong>. Analysez sa taille, son \u00e2ge moyen et la proportion de consultations r\u00e9guli\u00e8res.[\/vc_column_text]<header class=\"kd-section-title col-lg-12 text-left  subtitle-below-title    vc_custom_1761908999528\" ><h2 class=\"separator_off\" >Financement et business plan d\u2019une reprise de cabinet m\u00e9dical<\/h2><\/header>[vc_column_text css=&#8221;.vc_custom_1761909059962{margin-bottom: 50px !important;}&#8221;]La reprise d\u2019un cabinet m\u00e9dical est un investissement majeur qui n\u00e9cessite une <strong>planification financi\u00e8re rigoureuse<\/strong>.<\/p>\n<p>Un <strong>business plan solide<\/strong> est indispensable: non seulement pour structurer votre projet, mais aussi pour convaincre les banques et investisseurs.<\/p>\n<p>Un aspect central du financement est <strong>la valeur de rachat (ou \u201cprix de reprise\u201d)<\/strong>, c\u2019est-\u00e0-dire le montant pay\u00e9 pour le mat\u00e9riel, la patient\u00e8le et les actifs immat\u00e9riels.[\/vc_column_text][vc_column_text css=&#8221;.vc_custom_1761918036471{margin-top: 50px !important;margin-bottom: 50px !important;}&#8221; el_class=&#8221;popmake-18523&#8243;]<\/p>\n<p style=\"text-align: center; font-size: 25px;\">\ud83d\udcdd <a href=\"https:\/\/info.onedoc.ch\/de\/blog\/einzelpraxis\/business-plan-arztpraxis-schweiz\/\">D\u00e9couvrez ici les \u00e9l\u00e9ments cl\u00e9s d\u2019un business plan complet<\/a><\/p>\n<p>[\/vc_column_text][vc_row_inner equal_height=&#8221;yes&#8221; content_placement=&#8221;middle&#8221; kd_background_image_position=&#8221;vc_row-bg-position-top&#8221; kd_background_overlay=&#8221;true&#8221; css=&#8221;.vc_custom_1757663803556{margin-top: 50px !important;margin-bottom: 50px !important;padding-top: 30px !important;padding-bottom: 30px !important;border-radius: 10px !important;}&#8221;][vc_column_inner]<header class=\"kd-section-title col-lg-12 text-center  subtitle-below-title   \" ><h4 class=\"separator_off\" >Augmentez votre chiffre d'affaires avec OneDoc \ud83d\udcca<\/h4><p class=\"subtitle\" >D\u00e9couvrez notre calculateur et d\u00e9couvrez combien votre chiffre d'affaires augmente avec OneDoc Pro.<\/p><\/header><a  href=\"https:\/\/info.onedoc.ch\/fr\/calculateur-rentabilite\/\"  target=\"_self\"  title=\"\"  class=\"tt_button tt_primary_button btn_primary_color hover_solid_secondary button-center button-action-link\" ><span class=\"prim_text\">Calculez maintenant<\/span><\/a>[\/vc_column_inner][\/vc_row_inner]<header class=\"kd-section-title col-lg-12 text-left  subtitle-below-title  btf-q  vc_custom_1761909097641\" ><h2 class=\"separator_off\" >Quel est le prix moyen de reprise d\u2019un cabinet en Suisse?<\/h2><\/header>[vc_column_text css=&#8221;.vc_custom_1761909124449{margin-bottom: 50px !important;}&#8221; el_class=&#8221;btf-a&#8221;]Cela d\u00e9pend fortement de la sp\u00e9cialit\u00e9, de la localisation et du potentiel de chiffre d\u2019affaires.<\/p>\n<p>En moyenne, la valeur de reprise se situe entre <strong>100 000 et 500 000 CHF<\/strong>, mais peut \u00eatre bien plus \u00e9lev\u00e9e dans les zones attractives. Une \u00e9valuation par des experts est donc vivement conseill\u00e9e.[\/vc_column_text]<header class=\"kd-section-title col-lg-12 text-left  subtitle-below-title    vc_custom_1761909153822\" ><h2 class=\"separator_off\" >Choisir la bonne forme juridique pour votre cabinet<\/h2><\/header>[vc_column_text css=&#8221;.vc_custom_1761910090236{margin-bottom: 50px !important;}&#8221;]Le choix de la <strong>forme juridique<\/strong> influence votre fiscalit\u00e9, votre responsabilit\u00e9 et vos d\u00e9marches administratives.<\/p>\n<table style=\"width: 100%; border-collapse: collapse; font-family: sans-serif; font-size: 14px; border: 1px solid #e5e7eb;\">\n<thead>\n<tr style=\"background: #f9fafb;\">\n<th style=\"padding: 10px 12px; text-align: left; font-weight: 600; color: #374151; border: 1px solid #e5e7eb;\">Forme juridique<\/th>\n<th style=\"padding: 10px 12px; text-align: left; font-weight: 600; color: #374151; border: 1px solid #e5e7eb;\">Avantages<\/th>\n<th style=\"padding: 10px 12px; text-align: left; font-weight: 600; color: #374151; border: 1px solid #e5e7eb;\">Points d\u2019attention<\/th>\n<\/tr>\n<\/thead>\n<tbody>\n<tr>\n<td style=\"padding: 10px 12px; border: 1px solid #e5e7eb;\">Entreprise individuelle<\/td>\n<td style=\"padding: 10px 12px; border: 1px solid #e5e7eb;\">Simple \u00e0 cr\u00e9er, fiscalit\u00e9 directe, id\u00e9al pour d\u00e9buter<\/td>\n<td style=\"padding: 10px 12px; border: 1px solid #e5e7eb;\">Responsabilit\u00e9 illimit\u00e9e sur vos biens personnels<\/td>\n<\/tr>\n<tr>\n<td style=\"padding: 10px 12px; border: 1px solid #e5e7eb;\">Soci\u00e9t\u00e9 \u00e0 responsabilit\u00e9 limit\u00e9e (S\u00e0rl)<\/td>\n<td style=\"padding: 10px 12px; border: 1px solid #e5e7eb;\">S\u00e9paration du patrimoine priv\u00e9 et professionnel, image plus professionnelle<\/td>\n<td style=\"padding: 10px 12px; border: 1px solid #e5e7eb;\">Capital minimum de 20\u2019000 CHF, formalit\u00e9s plus lourdes<\/td>\n<\/tr>\n<tr>\n<td style=\"padding: 10px 12px; border: 1px solid #e5e7eb;\">Soci\u00e9t\u00e9 anonyme (SA)<\/td>\n<td style=\"padding: 10px 12px; border: 1px solid #e5e7eb;\">Id\u00e9ale pour grandes structures ou cabinets de groupe<\/td>\n<td style=\"padding: 10px 12px; border: 1px solid #e5e7eb;\">Co\u00fbts \u00e9lev\u00e9s et gestion plus complexe<\/td>\n<\/tr>\n<\/tbody>\n<\/table>\n<p>[\/vc_column_text]<header class=\"kd-section-title col-lg-12 text-left  subtitle-below-title    vc_custom_1761910112357\" ><h2 class=\"separator_off\" >Les assurances indispensables \u00e0 la reprise d\u2019un cabinet<\/h2><\/header>[vc_column_text css=&#8221;.vc_custom_1761910131304{margin-bottom: 50px !important;}&#8221;]En Suisse, certaines <strong>assurances professionnelles<\/strong> sont <strong>obligatoires<\/strong>, d\u2019autres sont <strong>fortement recommand\u00e9es<\/strong> pour prot\u00e9ger votre activit\u00e9 et vos revenus.<\/p>\n<ul>\n<li><strong>Assurance responsabilit\u00e9 civile professionnelle<\/strong> <em>(obligatoire)<\/em><\/li>\n<li><strong>Assurance perte de gain \/ indemnit\u00e9s journali\u00e8res<\/strong> <em>(fortement conseill\u00e9e)<\/em><\/li>\n<li><strong>Assurance inventaire du cabinet et b\u00e2timent<\/strong> <em>(fortement conseill\u00e9e)<\/em><\/li>\n<li><strong>Assurance cybers\u00e9curit\u00e9 (protection des donn\u00e9es patient)<\/strong> <em>(fortement conseill\u00e9e)<\/em><\/li>\n<li><strong>Pr\u00e9voyance professionnelle (LPP \/ 2\u1d49 pilier)<\/strong> <em>(obligatoire si vous employez du personnel, facultative mais fortement conseill\u00e9e en tant qu\u2019ind\u00e9pendant)<\/em><\/li>\n<li><strong>\u00c9pargne priv\u00e9e 3a<\/strong> <em>(recommand\u00e9)<\/em><\/li>\n<\/ul>\n<p>[\/vc_column_text][vc_column_text css=&#8221;&#8221;]<strong>Bon \u00e0 savoir<\/strong>: pensez aussi \u00e0 v\u00e9rifier la couverture de vos assistants et assistantes m\u00e9dicales (accidents, LAA, LPP) et \u00e0 transf\u00e9rer ou ren\u00e9gocier les contrats d\u2019assurance existants lors de la reprise du cabinet![\/vc_column_text]<header class=\"kd-section-title col-lg-12 text-left  subtitle-below-title    vc_custom_1761910234789\" ><h2 class=\"separator_off\" >Autorisations et exigences administratives lors de la reprise d\u2019un cabinet<\/h2><\/header>[vc_column_text css=&#8221;.vc_custom_1761910280299{margin-bottom: 50px !important;}&#8221;]Avant la reprise, certaines <strong>autorisations officielles<\/strong> sont indispensables pour exercer l\u00e9galement. Vous devez disposer notamment d\u2019une <strong>autorisation de pratiquer<\/strong> d\u00e9livr\u00e9e par la direction de la sant\u00e9 de votre canton, ainsi que la reconnaissance de votre statut d\u2019ind\u00e9pendant. De plus, une <strong>autorisation de pratiquer et une admission \u00e0 pratiquer \u00e0 charge de l&#8217;AOS<\/strong> sont indispensables.<\/p>\n<p>Ces d\u00e9marches varient l\u00e9g\u00e8rement d\u2019un canton \u00e0 l\u2019autre. <strong>N\u2019h\u00e9sitez pas \u00e0 consulter le site de votre direction cantonale de la sant\u00e9<\/strong> pour conna\u00eetre les d\u00e9lais et les formulaires \u00e0 fournir.[\/vc_column_text]<header class=\"kd-section-title col-lg-12 text-left  subtitle-below-title  btf-q  vc_custom_1761910374462\" ><h2 class=\"separator_off\" >Faut il garder ou recruter du personnel lors de la reprise d\u2019un cabinet m\u00e9dical?<\/h2><\/header>[vc_column_text css=&#8221;.vc_custom_1761910419625{margin-bottom: 50px !important;}&#8221; el_class=&#8221;btf-a&#8221;]En principe, vous devrez gardez le personnel du cabinet que vous reprenez. En effet, dans le cadre d\u2019une <strong>reprise ou succession de cabinet m\u00e9dical<\/strong>, les contrats de travail en vigueur sont <strong>automatiquement transf\u00e9r\u00e9s<\/strong> au nouveau propri\u00e9taire, conform\u00e9ment \u00e0 l\u2019<strong>article 333 du Code des obligations (CO)<\/strong>. Les employ\u00e9s ont toutefois la possibilit\u00e9 de refuser le transfert s\u2019ils estiment que les nouvelles conditions ne leur conviennent pas.<\/p>\n<p>Cette continuit\u00e9 repr\u00e9sente un <strong>avantage pour vous<\/strong>: le personnel en place apporte son <strong>exp\u00e9rience<\/strong> et sa <strong>connaissance du fonctionnement du cabinet<\/strong>, ce qui facilite la transition.<\/p>\n<p>Si vous envisagez de recruter de nouveaux collaborateurs ou collaboratrices, nous vous recommandons d\u2019organiser une <strong>rencontre d\u2019\u00e9quipe<\/strong> d\u00e8s la signature. Cela permettra de <strong>pr\u00e9senter votre projet<\/strong>, <strong>rassurer le personnel<\/strong> et <strong>favoriser leur adh\u00e9sion<\/strong> \u00e0 cette nouvelle \u00e9tape.[\/vc_column_text]<header class=\"kd-section-title col-lg-12 text-left  subtitle-below-title    vc_custom_1761910448032\" ><h2 class=\"separator_off\" >Fid\u00e9liser la patient\u00e8le et renforcer votre visibilit\u00e9<\/h2><\/header>[vc_column_text css=&#8221;.vc_custom_1761910475079{margin-bottom: 50px !important;}&#8221;]La r\u00e9ussite d\u2019une <strong>reprise de cabinet m\u00e9dical<\/strong> d\u00e9pend aussi de la <strong>continuit\u00e9 relationnelle<\/strong> avec la patient\u00e8le existante. C\u2019est pourquoi nous vous conseillons de:<\/p>\n<ul>\n<li>Communiquez t\u00f4t sur la reprise<\/li>\n<li>Pr\u00e9sentez-vous personnellement (par lettre, email ou newsletter)<\/li>\n<li>Assurez la continuit\u00e9 des soins et du personnel<\/li>\n<\/ul>\n<p>[\/vc_column_text][\/vc_column][\/vc_row][vc_row full_width=&#8221;stretch_row&#8221; kd_background_image_position=&#8221;vc_row-bg-position-top&#8221; css=&#8221;.vc_custom_1753108755610{padding-top: 80px !important;padding-bottom: 80px !important;}&#8221; css_tablet_portrait=&#8221;.vc_custom_1753108755610{padding-top: 60px !important;padding-bottom: 60px !important;}&#8221; css_mobile=&#8221;.vc_custom_1753108755610{padding-top: 60px !important;padding-bottom: 60px !important;}&#8221;][vc_column css=&#8221;.vc_custom_1515752234075{padding-right: 0px !important;padding-left: 0px !important;}&#8221;]<header class=\"kd-section-title col-lg-12 text-center  subtitle-below-title    vc_custom_1761916639863\" ><h2 class=\"separator_off\" >Questions fr\u00e9quentes sur la reprise d\u2019un cabinet m\u00e9dical<\/h2><\/header><header class=\"kd-section-title col-lg-12 text-left  subtitle-below-title  btf-q  vc_custom_1762160139466\" ><h3 class=\"separator_off\" >Comment se d\u00e9roule une reprise de cabinet m\u00e9dical?<\/h3><\/header>[vc_column_text css=&#8221;.vc_custom_1762160421383{margin-bottom: 50px !important;}&#8221; el_class=&#8221;btf-a&#8221;]Vous signez un contrat de cession d\u00e9finissant le prix, les modalit\u00e9s de transfert du bail, du mat\u00e9riel, du personnel et de la patient\u00e8le. Un calendrier fixe la <strong>date officielle de transmission<\/strong> et les conditions d\u2019accompagnement.[\/vc_column_text]<header class=\"kd-section-title col-lg-12 text-left  subtitle-below-title  btf-q  vc_custom_1762160173783\" ><h3 class=\"separator_off\" >Quel est le co\u00fbt moyen d\u2019une reprise de cabinet m\u00e9dical?<\/h3><\/header>[vc_column_text css=&#8221;.vc_custom_1762160413267{margin-bottom: 50px !important;}&#8221; el_class=&#8221;btf-a&#8221;]Comptez entre <strong>150\u2019000 CHF et 500\u2019000 CHF<\/strong>, selon la taille du cabinet, la sp\u00e9cialit\u00e9 et l\u2019emplacement. Le <strong>prix de vente<\/strong> d\u00e9pend du chiffre d\u2019affaires, de la fid\u00e9lit\u00e9 de la patient\u00e8le, de l\u2019emplacement et des \u00e9quipements.<\/p>\n<p>En r\u00e8gle g\u00e9n\u00e9rale, il correspond \u00e0 <strong>un \u00e0 deux b\u00e9n\u00e9fices annuels<\/strong>. L\u00e0 encore, une \u00e9valuation professionnelle est recommand\u00e9e.<\/p>\n<p>Incluez dans votre budget les travaux, assurances, communication et co\u00fbts de mise \u00e0 jour informatique.[\/vc_column_text]<header class=\"kd-section-title col-lg-12 text-left  subtitle-below-title  btf-q  vc_custom_1762160201099\" ><h3 class=\"separator_off\" >Que devient le personnel lors d\u2019une reprise de cabinet m\u00e9dical?<\/h3><\/header>[vc_column_text css=&#8221;.vc_custom_1762160400905{margin-bottom: 50px !important;}&#8221; el_class=&#8221;btf-a&#8221;]Les contrats sont repris <strong>int\u00e9gralement<\/strong> par le nouveau titulaire (art. 333 CO), sauf refus explicite des employ\u00e9s.[\/vc_column_text]<header class=\"kd-section-title col-lg-12 text-left  subtitle-below-title    vc_custom_1761910919741\" ><h2 class=\"separator_off\" >En r\u00e9sum\u00e9: une pr\u00e9paration minutieuse pour une une reprise r\u00e9ussie<\/h2><\/header>[vc_column_text css=&#8221;.vc_custom_1761910937204{margin-bottom: 50px !important;}&#8221;]Reprendre un cabinet m\u00e9dical est une d\u00e9cision importante, mais pleine d\u2019opportunit\u00e9s.<\/p>\n<p>Analysez les aspects financiers, juridiques et humains. Entourez-vous de partenaires comp\u00e9tents et prenez soin de maintenir le lien avec vos patients et collaborateurs. Une <strong>succession bien pr\u00e9par\u00e9e<\/strong> est la cl\u00e9 d\u2019une transition r\u00e9ussie.[\/vc_column_text][vc_column_text css=&#8221;.vc_custom_1761910722611{margin-top: 50px !important;margin-bottom: 50px !important;}&#8221; el_class=&#8221;popmake-18523&#8243;]<\/p>\n<p style=\"text-align: center; font-size: 25px;\">\ud83d\udc49 <a href=\"#\">\u00c9changez avec notre \u00e9quipe et d\u00e9couvrez comment OneDoc peut vous aider \u00e0 reprendre un cabinet m\u00e9dical<\/a><\/p>\n<p>[\/vc_column_text]<header class=\"kd-section-title col-lg-12 text-left  subtitle-below-title    vc_custom_1761922005918\" ><h2 class=\"separator_off\" >Sources<\/h2><\/header>[vc_column_text css=&#8221;.vc_custom_1761922018269{margin-bottom: 50px !important;}&#8221;]<a href=\"https:\/\/leitfaden.samw.fmh.ch\/fr\/guide-pratique-bases-juridique\/10-medecin-salarie-et-medecin\/102-medecins-independant.cfm\"><strong>Bases juridiques pour le quotidien m\u00e9dical &#8211; FMH<\/strong><\/a><\/p>\n<p><a href=\"https:\/\/medes.ch\/installer-cabinet-medical\/\"><strong>Suisse &#8211; Regard d\u2019expert : installer son cabinet m\u00e9dical &#8211; Medes<\/strong><\/a>[\/vc_column_text][\/vc_column][\/vc_row]<\/p>\n<\/div>","protected":false},"excerpt":{"rendered":"<p>[vc_row gap=&#8221;10&#8243; kd_background_image_position=&#8221;vc_row-bg-position-top&#8221;][vc_column][vc_column_text css=&#8221;&#8221;]La reprise d\u2019un cabinet m\u00e9dical repr\u00e9sente une \u00e9tape majeure [&hellip;]<\/p>\n","protected":false},"author":3,"featured_media":31293,"comment_status":"closed","ping_status":"closed","sticky":false,"template":"","format":"standard","meta":{"footnotes":""},"categories":[230],"tags":[386],"class_list":["post-31208","post","type-post","status-publish","format-standard","has-post-thumbnail","hentry","category-toutes-les-specialites","tag-creation-cabinet-medical"],"yoast_head":"<!-- This site is optimized with the Yoast SEO Premium plugin v27.2 (Yoast SEO v27.5) - https:\/\/yoast.com\/product\/yoast-seo-premium-wordpress\/ -->\n<title>R\u00e9ussir la reprise d\u2019un cabinet m\u00e9dical en Suisse: guide complet<\/title>\n<meta name=\"description\" content=\"D\u00e9couvrez comment r\u00e9ussir la reprise, le financement ou la succession d\u2019un cabinet m\u00e9dical en Suisse, \u00e9tape par \u00e9tape.\" \/>\n<meta name=\"robots\" content=\"index, follow, max-snippet:-1, max-image-preview:large, max-video-preview:-1\" \/>\n<link rel=\"canonical\" href=\"https:\/\/info.onedoc.ch\/fr\/blog\/toutes-les-specialites\/reprise-cabinet-medical-suisse\/\" \/>\n<meta property=\"og:locale\" content=\"fr_FR\" \/>\n<meta property=\"og:type\" content=\"article\" \/>\n<meta property=\"og:title\" content=\"R\u00e9ussir la reprise d\u2019un cabinet m\u00e9dical en Suisse: guide complet\" \/>\n<meta property=\"og:description\" content=\"D\u00e9couvrez comment r\u00e9ussir la reprise, le financement ou la succession d\u2019un cabinet m\u00e9dical en Suisse, \u00e9tape par \u00e9tape.\" \/>\n<meta property=\"og:url\" content=\"https:\/\/info.onedoc.ch\/fr\/blog\/toutes-les-specialites\/reprise-cabinet-medical-suisse\/\" \/>\n<meta property=\"og:site_name\" content=\"OneDoc Pro\" \/>\n<meta property=\"article:publisher\" content=\"https:\/\/www.facebook.com\/onedoc.ch\/\" \/>\n<meta property=\"article:published_time\" content=\"2025-10-31T16:08:53+00:00\" \/>\n<meta property=\"article:modified_time\" content=\"2025-11-19T13:54:35+00:00\" \/>\n<meta property=\"og:image\" content=\"https:\/\/info.onedoc.ch\/wp-content\/uploads\/2025\/10\/reprise-cabinet-medical-suisse-copy.jpg\" \/>\n\t<meta property=\"og:image:width\" content=\"1920\" \/>\n\t<meta property=\"og:image:height\" content=\"1080\" \/>\n\t<meta property=\"og:image:type\" content=\"image\/jpeg\" \/>\n<meta name=\"author\" content=\"Luca Santandrea\" \/>\n<meta name=\"twitter:card\" content=\"summary_large_image\" \/>\n<meta name=\"twitter:title\" content=\"R\u00e9ussir la reprise d\u2019un cabinet m\u00e9dical en Suisse: guide complet\" \/>\n<meta name=\"twitter:description\" content=\"D\u00e9couvrez comment r\u00e9ussir la reprise, le financement ou la succession d\u2019un cabinet m\u00e9dical en Suisse, \u00e9tape par \u00e9tape.\" \/>\n<meta name=\"twitter:creator\" content=\"@onedoc_ch\" \/>\n<meta name=\"twitter:site\" content=\"@onedoc_ch\" \/>\n<meta name=\"twitter:label1\" content=\"Written by\" \/>\n\t<meta name=\"twitter:data1\" content=\"Luca Santandrea\" \/>\n\t<meta name=\"twitter:label2\" content=\"Est. reading time\" \/>\n\t<meta name=\"twitter:data2\" content=\"10 minutes\" \/>\n<script type=\"application\/ld+json\" class=\"yoast-schema-graph\">{\"@context\":\"https:\\\/\\\/schema.org\",\"@graph\":[{\"@type\":[\"Article\",\"BlogPosting\"],\"@id\":\"https:\\\/\\\/info.onedoc.ch\\\/fr\\\/blog\\\/toutes-les-specialites\\\/reprise-cabinet-medical-suisse\\\/#article\",\"isPartOf\":{\"@id\":\"https:\\\/\\\/info.onedoc.ch\\\/fr\\\/blog\\\/toutes-les-specialites\\\/reprise-cabinet-medical-suisse\\\/\"},\"author\":{\"name\":\"Luca Santandrea\",\"@id\":\"https:\\\/\\\/info.onedoc.ch\\\/fr\\\/#\\\/schema\\\/person\\\/914a81c6f70230f5c4b09b3e604cb543\"},\"headline\":\"R\u00e9ussir la reprise d\u2019un cabinet m\u00e9dical en Suisse\",\"datePublished\":\"2025-10-31T16:08:53+00:00\",\"dateModified\":\"2025-11-19T13:54:35+00:00\",\"mainEntityOfPage\":{\"@id\":\"https:\\\/\\\/info.onedoc.ch\\\/fr\\\/blog\\\/toutes-les-specialites\\\/reprise-cabinet-medical-suisse\\\/\"},\"wordCount\":2967,\"publisher\":{\"@id\":\"https:\\\/\\\/info.onedoc.ch\\\/fr\\\/#organization\"},\"image\":{\"@id\":\"https:\\\/\\\/info.onedoc.ch\\\/fr\\\/blog\\\/toutes-les-specialites\\\/reprise-cabinet-medical-suisse\\\/#primaryimage\"},\"thumbnailUrl\":\"https:\\\/\\\/info.onedoc.ch\\\/wp-content\\\/uploads\\\/2025\\\/10\\\/reprise-cabinet-medical-suisse-copy.jpg\",\"keywords\":[\"Cr\u00e9ation de cabinet m\u00e9dical\"],\"articleSection\":[\"Toutes les sp\u00e9cialit\u00e9s\"],\"inLanguage\":\"fr-CH\"},{\"@type\":\"WebPage\",\"@id\":\"https:\\\/\\\/info.onedoc.ch\\\/fr\\\/blog\\\/toutes-les-specialites\\\/reprise-cabinet-medical-suisse\\\/\",\"url\":\"https:\\\/\\\/info.onedoc.ch\\\/fr\\\/blog\\\/toutes-les-specialites\\\/reprise-cabinet-medical-suisse\\\/\",\"name\":\"R\u00e9ussir la reprise d\u2019un cabinet m\u00e9dical en Suisse: guide complet\",\"isPartOf\":{\"@id\":\"https:\\\/\\\/info.onedoc.ch\\\/fr\\\/#website\"},\"primaryImageOfPage\":{\"@id\":\"https:\\\/\\\/info.onedoc.ch\\\/fr\\\/blog\\\/toutes-les-specialites\\\/reprise-cabinet-medical-suisse\\\/#primaryimage\"},\"image\":{\"@id\":\"https:\\\/\\\/info.onedoc.ch\\\/fr\\\/blog\\\/toutes-les-specialites\\\/reprise-cabinet-medical-suisse\\\/#primaryimage\"},\"thumbnailUrl\":\"https:\\\/\\\/info.onedoc.ch\\\/wp-content\\\/uploads\\\/2025\\\/10\\\/reprise-cabinet-medical-suisse-copy.jpg\",\"datePublished\":\"2025-10-31T16:08:53+00:00\",\"dateModified\":\"2025-11-19T13:54:35+00:00\",\"description\":\"D\u00e9couvrez comment r\u00e9ussir la reprise, le financement ou la succession d\u2019un cabinet m\u00e9dical en Suisse, \u00e9tape par \u00e9tape.\",\"inLanguage\":\"fr-CH\",\"potentialAction\":[{\"@type\":\"ReadAction\",\"target\":[\"https:\\\/\\\/info.onedoc.ch\\\/fr\\\/blog\\\/toutes-les-specialites\\\/reprise-cabinet-medical-suisse\\\/\"]}]},{\"@type\":\"ImageObject\",\"inLanguage\":\"fr-CH\",\"@id\":\"https:\\\/\\\/info.onedoc.ch\\\/fr\\\/blog\\\/toutes-les-specialites\\\/reprise-cabinet-medical-suisse\\\/#primaryimage\",\"url\":\"https:\\\/\\\/info.onedoc.ch\\\/wp-content\\\/uploads\\\/2025\\\/10\\\/reprise-cabinet-medical-suisse-copy.jpg\",\"contentUrl\":\"https:\\\/\\\/info.onedoc.ch\\\/wp-content\\\/uploads\\\/2025\\\/10\\\/reprise-cabinet-medical-suisse-copy.jpg\",\"width\":1920,\"height\":1080,\"caption\":\"Poign\u00e9e de main entre deux professionnels de santt\u00e9\"},{\"@type\":\"WebSite\",\"@id\":\"https:\\\/\\\/info.onedoc.ch\\\/fr\\\/#website\",\"url\":\"https:\\\/\\\/info.onedoc.ch\\\/fr\\\/\",\"name\":\"OneDoc Pro - Moins d\u2019administratif, plus de temps pour vos patients\",\"description\":\"L&#039;alli\u00e9 des professionnels de sant\u00e9 suisses au quotidien\",\"publisher\":{\"@id\":\"https:\\\/\\\/info.onedoc.ch\\\/fr\\\/#organization\"},\"alternateName\":\"OneDoc Pro\",\"potentialAction\":[{\"@type\":\"SearchAction\",\"target\":{\"@type\":\"EntryPoint\",\"urlTemplate\":\"https:\\\/\\\/info.onedoc.ch\\\/fr\\\/?s={search_term_string}\"},\"query-input\":{\"@type\":\"PropertyValueSpecification\",\"valueRequired\":true,\"valueName\":\"search_term_string\"}}],\"inLanguage\":\"fr-CH\"},{\"@type\":\"Organization\",\"@id\":\"https:\\\/\\\/info.onedoc.ch\\\/fr\\\/#organization\",\"name\":\"OneDoc\",\"alternateName\":\"OneDoc.ch\",\"url\":\"https:\\\/\\\/info.onedoc.ch\\\/fr\\\/\",\"logo\":{\"@type\":\"ImageObject\",\"inLanguage\":\"fr-CH\",\"@id\":\"https:\\\/\\\/info.onedoc.ch\\\/fr\\\/#\\\/schema\\\/logo\\\/image\\\/\",\"url\":\"https:\\\/\\\/info.onedoc.ch\\\/wp-content\\\/uploads\\\/2025\\\/06\\\/doki-logo.png\",\"contentUrl\":\"https:\\\/\\\/info.onedoc.ch\\\/wp-content\\\/uploads\\\/2025\\\/06\\\/doki-logo.png\",\"width\":2134,\"height\":2134,\"caption\":\"OneDoc\"},\"image\":{\"@id\":\"https:\\\/\\\/info.onedoc.ch\\\/fr\\\/#\\\/schema\\\/logo\\\/image\\\/\"},\"sameAs\":[\"https:\\\/\\\/www.facebook.com\\\/onedoc.ch\\\/\",\"https:\\\/\\\/x.com\\\/onedoc_ch\",\"https:\\\/\\\/www.instagram.com\\\/onedoc.ch\\\/\",\"https:\\\/\\\/www.linkedin.com\\\/company\\\/onedoc.ch\\\/\",\"https:\\\/\\\/www.youtube.com\\\/channel\\\/UCWnlE63em_m8ZioBA5n8Z6w\"],\"description\":\"OneDoc est la plateforme leader en Suisse pour la r\u00e9servation de rendez-vous m\u00e9dicaux. Les patients peuvent rechercher des milliers de professionnels de la sant\u00e9 suisses (m\u00e9decins, dentistes et th\u00e9rapeutes) et r\u00e9server un rendez-vous sur place ou une consultation vid\u00e9o en quelques clics, 24 heures sur 24.\",\"legalName\":\"OneDoc SA\",\"foundingDate\":\"2016-12-31\",\"numberOfEmployees\":{\"@type\":\"QuantitativeValue\",\"minValue\":\"51\",\"maxValue\":\"200\"}},{\"@type\":\"Person\",\"@id\":\"https:\\\/\\\/info.onedoc.ch\\\/fr\\\/#\\\/schema\\\/person\\\/914a81c6f70230f5c4b09b3e604cb543\",\"name\":\"Luca Santandrea\",\"image\":{\"@type\":\"ImageObject\",\"inLanguage\":\"fr-CH\",\"@id\":\"https:\\\/\\\/secure.gravatar.com\\\/avatar\\\/be1b89fa5376eab46b90fd344234ac4532f0bb33be173c5148bc7adc04806c7c?s=96&d=mm&r=g\",\"url\":\"https:\\\/\\\/secure.gravatar.com\\\/avatar\\\/be1b89fa5376eab46b90fd344234ac4532f0bb33be173c5148bc7adc04806c7c?s=96&d=mm&r=g\",\"contentUrl\":\"https:\\\/\\\/secure.gravatar.com\\\/avatar\\\/be1b89fa5376eab46b90fd344234ac4532f0bb33be173c5148bc7adc04806c7c?s=96&d=mm&r=g\",\"caption\":\"Luca Santandrea\"}}]}<\/script>\n<!-- \/ Yoast SEO Premium plugin. -->","yoast_head_json":{"title":"R\u00e9ussir la reprise d\u2019un cabinet m\u00e9dical en Suisse: guide complet","description":"D\u00e9couvrez comment r\u00e9ussir la reprise, le financement ou la succession d\u2019un cabinet m\u00e9dical en Suisse, \u00e9tape par \u00e9tape.","robots":{"index":"index","follow":"follow","max-snippet":"max-snippet:-1","max-image-preview":"max-image-preview:large","max-video-preview":"max-video-preview:-1"},"canonical":"https:\/\/info.onedoc.ch\/fr\/blog\/toutes-les-specialites\/reprise-cabinet-medical-suisse\/","og_locale":"fr_FR","og_type":"article","og_title":"R\u00e9ussir la reprise d\u2019un cabinet m\u00e9dical en Suisse: guide complet","og_description":"D\u00e9couvrez comment r\u00e9ussir la reprise, le financement ou la succession d\u2019un cabinet m\u00e9dical en Suisse, \u00e9tape par \u00e9tape.","og_url":"https:\/\/info.onedoc.ch\/fr\/blog\/toutes-les-specialites\/reprise-cabinet-medical-suisse\/","og_site_name":"OneDoc Pro","article_publisher":"https:\/\/www.facebook.com\/onedoc.ch\/","article_published_time":"2025-10-31T16:08:53+00:00","article_modified_time":"2025-11-19T13:54:35+00:00","og_image":[{"width":1920,"height":1080,"url":"https:\/\/info.onedoc.ch\/wp-content\/uploads\/2025\/10\/reprise-cabinet-medical-suisse-copy.jpg","type":"image\/jpeg"}],"author":"Luca Santandrea","twitter_card":"summary_large_image","twitter_title":"R\u00e9ussir la reprise d\u2019un cabinet m\u00e9dical en Suisse: guide complet","twitter_description":"D\u00e9couvrez comment r\u00e9ussir la reprise, le financement ou la succession d\u2019un cabinet m\u00e9dical en Suisse, \u00e9tape par \u00e9tape.","twitter_creator":"@onedoc_ch","twitter_site":"@onedoc_ch","twitter_misc":{"Written by":"Luca Santandrea","Est. reading time":"10 minutes"},"schema":{"@context":"https:\/\/schema.org","@graph":[{"@type":["Article","BlogPosting"],"@id":"https:\/\/info.onedoc.ch\/fr\/blog\/toutes-les-specialites\/reprise-cabinet-medical-suisse\/#article","isPartOf":{"@id":"https:\/\/info.onedoc.ch\/fr\/blog\/toutes-les-specialites\/reprise-cabinet-medical-suisse\/"},"author":{"name":"Luca Santandrea","@id":"https:\/\/info.onedoc.ch\/fr\/#\/schema\/person\/914a81c6f70230f5c4b09b3e604cb543"},"headline":"R\u00e9ussir la reprise d\u2019un cabinet m\u00e9dical en Suisse","datePublished":"2025-10-31T16:08:53+00:00","dateModified":"2025-11-19T13:54:35+00:00","mainEntityOfPage":{"@id":"https:\/\/info.onedoc.ch\/fr\/blog\/toutes-les-specialites\/reprise-cabinet-medical-suisse\/"},"wordCount":2967,"publisher":{"@id":"https:\/\/info.onedoc.ch\/fr\/#organization"},"image":{"@id":"https:\/\/info.onedoc.ch\/fr\/blog\/toutes-les-specialites\/reprise-cabinet-medical-suisse\/#primaryimage"},"thumbnailUrl":"https:\/\/info.onedoc.ch\/wp-content\/uploads\/2025\/10\/reprise-cabinet-medical-suisse-copy.jpg","keywords":["Cr\u00e9ation de cabinet m\u00e9dical"],"articleSection":["Toutes les sp\u00e9cialit\u00e9s"],"inLanguage":"fr-CH"},{"@type":"WebPage","@id":"https:\/\/info.onedoc.ch\/fr\/blog\/toutes-les-specialites\/reprise-cabinet-medical-suisse\/","url":"https:\/\/info.onedoc.ch\/fr\/blog\/toutes-les-specialites\/reprise-cabinet-medical-suisse\/","name":"R\u00e9ussir la reprise d\u2019un cabinet m\u00e9dical en Suisse: guide complet","isPartOf":{"@id":"https:\/\/info.onedoc.ch\/fr\/#website"},"primaryImageOfPage":{"@id":"https:\/\/info.onedoc.ch\/fr\/blog\/toutes-les-specialites\/reprise-cabinet-medical-suisse\/#primaryimage"},"image":{"@id":"https:\/\/info.onedoc.ch\/fr\/blog\/toutes-les-specialites\/reprise-cabinet-medical-suisse\/#primaryimage"},"thumbnailUrl":"https:\/\/info.onedoc.ch\/wp-content\/uploads\/2025\/10\/reprise-cabinet-medical-suisse-copy.jpg","datePublished":"2025-10-31T16:08:53+00:00","dateModified":"2025-11-19T13:54:35+00:00","description":"D\u00e9couvrez comment r\u00e9ussir la reprise, le financement ou la succession d\u2019un cabinet m\u00e9dical en Suisse, \u00e9tape par \u00e9tape.","inLanguage":"fr-CH","potentialAction":[{"@type":"ReadAction","target":["https:\/\/info.onedoc.ch\/fr\/blog\/toutes-les-specialites\/reprise-cabinet-medical-suisse\/"]}]},{"@type":"ImageObject","inLanguage":"fr-CH","@id":"https:\/\/info.onedoc.ch\/fr\/blog\/toutes-les-specialites\/reprise-cabinet-medical-suisse\/#primaryimage","url":"https:\/\/info.onedoc.ch\/wp-content\/uploads\/2025\/10\/reprise-cabinet-medical-suisse-copy.jpg","contentUrl":"https:\/\/info.onedoc.ch\/wp-content\/uploads\/2025\/10\/reprise-cabinet-medical-suisse-copy.jpg","width":1920,"height":1080,"caption":"Poign\u00e9e de main entre deux professionnels de santt\u00e9"},{"@type":"WebSite","@id":"https:\/\/info.onedoc.ch\/fr\/#website","url":"https:\/\/info.onedoc.ch\/fr\/","name":"OneDoc Pro - Moins d\u2019administratif, plus de temps pour vos patients","description":"L&#039;alli\u00e9 des professionnels de sant\u00e9 suisses au quotidien","publisher":{"@id":"https:\/\/info.onedoc.ch\/fr\/#organization"},"alternateName":"OneDoc Pro","potentialAction":[{"@type":"SearchAction","target":{"@type":"EntryPoint","urlTemplate":"https:\/\/info.onedoc.ch\/fr\/?s={search_term_string}"},"query-input":{"@type":"PropertyValueSpecification","valueRequired":true,"valueName":"search_term_string"}}],"inLanguage":"fr-CH"},{"@type":"Organization","@id":"https:\/\/info.onedoc.ch\/fr\/#organization","name":"OneDoc","alternateName":"OneDoc.ch","url":"https:\/\/info.onedoc.ch\/fr\/","logo":{"@type":"ImageObject","inLanguage":"fr-CH","@id":"https:\/\/info.onedoc.ch\/fr\/#\/schema\/logo\/image\/","url":"https:\/\/info.onedoc.ch\/wp-content\/uploads\/2025\/06\/doki-logo.png","contentUrl":"https:\/\/info.onedoc.ch\/wp-content\/uploads\/2025\/06\/doki-logo.png","width":2134,"height":2134,"caption":"OneDoc"},"image":{"@id":"https:\/\/info.onedoc.ch\/fr\/#\/schema\/logo\/image\/"},"sameAs":["https:\/\/www.facebook.com\/onedoc.ch\/","https:\/\/x.com\/onedoc_ch","https:\/\/www.instagram.com\/onedoc.ch\/","https:\/\/www.linkedin.com\/company\/onedoc.ch\/","https:\/\/www.youtube.com\/channel\/UCWnlE63em_m8ZioBA5n8Z6w"],"description":"OneDoc est la plateforme leader en Suisse pour la r\u00e9servation de rendez-vous m\u00e9dicaux. Les patients peuvent rechercher des milliers de professionnels de la sant\u00e9 suisses (m\u00e9decins, dentistes et th\u00e9rapeutes) et r\u00e9server un rendez-vous sur place ou une consultation vid\u00e9o en quelques clics, 24 heures sur 24.","legalName":"OneDoc SA","foundingDate":"2016-12-31","numberOfEmployees":{"@type":"QuantitativeValue","minValue":"51","maxValue":"200"}},{"@type":"Person","@id":"https:\/\/info.onedoc.ch\/fr\/#\/schema\/person\/914a81c6f70230f5c4b09b3e604cb543","name":"Luca Santandrea","image":{"@type":"ImageObject","inLanguage":"fr-CH","@id":"https:\/\/secure.gravatar.com\/avatar\/be1b89fa5376eab46b90fd344234ac4532f0bb33be173c5148bc7adc04806c7c?s=96&d=mm&r=g","url":"https:\/\/secure.gravatar.com\/avatar\/be1b89fa5376eab46b90fd344234ac4532f0bb33be173c5148bc7adc04806c7c?s=96&d=mm&r=g","contentUrl":"https:\/\/secure.gravatar.com\/avatar\/be1b89fa5376eab46b90fd344234ac4532f0bb33be173c5148bc7adc04806c7c?s=96&d=mm&r=g","caption":"Luca Santandrea"}}]}},"_links":{"self":[{"href":"https:\/\/info.onedoc.ch\/fr\/wp-json\/wp\/v2\/posts\/31208","targetHints":{"allow":["GET"]}}],"collection":[{"href":"https:\/\/info.onedoc.ch\/fr\/wp-json\/wp\/v2\/posts"}],"about":[{"href":"https:\/\/info.onedoc.ch\/fr\/wp-json\/wp\/v2\/types\/post"}],"author":[{"embeddable":true,"href":"https:\/\/info.onedoc.ch\/fr\/wp-json\/wp\/v2\/users\/3"}],"replies":[{"embeddable":true,"href":"https:\/\/info.onedoc.ch\/fr\/wp-json\/wp\/v2\/comments?post=31208"}],"version-history":[{"count":12,"href":"https:\/\/info.onedoc.ch\/fr\/wp-json\/wp\/v2\/posts\/31208\/revisions"}],"predecessor-version":[{"id":32825,"href":"https:\/\/info.onedoc.ch\/fr\/wp-json\/wp\/v2\/posts\/31208\/revisions\/32825"}],"wp:featuredmedia":[{"embeddable":true,"href":"https:\/\/info.onedoc.ch\/fr\/wp-json\/wp\/v2\/media\/31293"}],"wp:attachment":[{"href":"https:\/\/info.onedoc.ch\/fr\/wp-json\/wp\/v2\/media?parent=31208"}],"wp:term":[{"taxonomy":"category","embeddable":true,"href":"https:\/\/info.onedoc.ch\/fr\/wp-json\/wp\/v2\/categories?post=31208"},{"taxonomy":"post_tag","embeddable":true,"href":"https:\/\/info.onedoc.ch\/fr\/wp-json\/wp\/v2\/tags?post=31208"}],"curies":[{"name":"wp","href":"https:\/\/api.w.org\/{rel}","templated":true}]}}