{"id":14499,"date":"2025-06-30T14:43:28","date_gmt":"2025-06-30T14:43:28","guid":{"rendered":"https:\/\/info.1doc.ch\/?p=14499"},"modified":"2025-11-05T15:01:43","modified_gmt":"2025-11-05T13:01:43","slug":"changements-tarifaires-physiotherapeutes-2025","status":"publish","type":"post","link":"https:\/\/info.onedoc.ch\/fr\/blog\/physiotherapeutes\/changements-tarifaires-physiotherapeutes-2025\/","title":{"rendered":"Tout ce qu&#8217;il faut savoir sur les changements tarifaires 2025 pour les physioth\u00e9rapeutes"},"content":{"rendered":"<div class=\"wpb-content-wrapper\"><p>[vc_row gap=&#8221;10&#8243; kd_background_image_position=&#8221;vc_row-bg-position-top&#8221;][vc_column][vc_column_text css=&#8221;&#8221;]Depuis le 1er juillet 2025, une <strong>r\u00e9forme majeure a \u00e9t\u00e9 introduite dans la facturation des prestations de physioth\u00e9rapie en Suisse<\/strong>. Cette modification impacte directement les physioth\u00e9rapeutes, mais aussi les patients et les assurances. Comprendre ces \u00e9volutions est essentiel pour garantir une transition fluide et \u00e9viter des erreurs de facturation.[\/vc_column_text][vc_column_text css=&#8221;.vc_custom_1757930473373{margin-top: 50px !important;margin-bottom: 50px !important;}&#8221;]<\/p>\r\n<p style=\"text-align: center; font-size: 25px;\">\ud83e\uddfe <a href=\"https:\/\/info.onedoc.ch\/fr\/invoice\/tarif-physiotherapie\/\">D\u00e9couvrez le module de facturation au Tarif Physio OneDoc Pro<\/a><\/p>\r\n<p>[\/vc_column_text]<header class=\"kd-section-title col-lg-12 text-left  subtitle-below-title  btf-q  vc_custom_1757929424863\" ><h2 class=\"separator_off\" >Quels sont les changements tarifaires en physioth\u00e9rapie en 2025?<\/h2><\/header>[vc_column_text css=&#8221;.vc_custom_1757929591696{margin-bottom: 50px !important;}&#8221; el_class=&#8221;btf-a&#8221;]<\/p>\r\n<p>Le nouveau Tarif Physio 2025 red\u00e9finit plusieurs aspects de la facturation:<\/p>\r\n<ul>\r\n<li><strong>Nouvelle nomenclature<\/strong> des positions tarifaires<\/li>\r\n<li>Ajustement de la <strong>dur\u00e9e<\/strong> et des <strong>conditions de remboursement<\/strong><\/li>\r\n<li><strong>Uniformisation des codes<\/strong> pour r\u00e9duire les diff\u00e9rences d\u2019interpr\u00e9tation entre caisses<\/li>\r\n<li>Obligation d\u2019utiliser les nouvelles r\u00e9f\u00e9rences pour toutes les factures \u00e9mises apr\u00e8s le 1er juillet 2025<\/li>\r\n<\/ul>\r\n<p>[\/vc_column_text]<header class=\"kd-section-title col-lg-12 text-left  subtitle-below-title    vc_custom_1757929710217\" ><h2 class=\"separator_off\" >Qu'est-ce que cela change pour les physioth\u00e9rapeutes?<\/h2><\/header>[vc_column_text css=&#8221;.vc_custom_1757929741464{margin-bottom: 50px !important;}&#8221;]<\/p>\r\n<ul>\r\n<li><strong>Adaptation obligatoire des factures<\/strong>: toutes les s\u00e9ances doivent \u00eatre factur\u00e9es selon les nouvelles positions tarifaires.<\/li>\r\n<li><strong>Risque d\u2019erreurs<\/strong>: utiliser l\u2019ancien syst\u00e8me peut entra\u00eener des rejets de facture par les caisses.<\/li>\r\n<li><strong>Mise \u00e0 jour des logiciels<\/strong>: la plupart des solutions de gestion int\u00e8grent d\u00e9j\u00e0 ces changements, mais il est crucial de v\u00e9rifier que le module de facturation est bien \u00e0 jour.<\/li>\r\n<\/ul>\r\n<p>[\/vc_column_text]<header class=\"kd-section-title col-lg-12 text-left  subtitle-below-title    vc_custom_1757929773001\" ><h2 class=\"separator_off\" >Quel impact des changements tarifaires pour les patients?<\/h2><\/header>[vc_column_text css=&#8221;.vc_custom_1757929790035{margin-bottom: 50px !important;}&#8221;]Pour les patients, <strong>les prestations restent couvertes, mais la pr\u00e9sentation des factures \u00e9volue<\/strong>. Les s\u00e9ances apparaissent d\u00e9sormais sous de nouvelles r\u00e9f\u00e9rences tarifaires, ce qui peut susciter des questions. Les physioth\u00e9rapeutes doivent donc informer leurs patients de ces changements afin de maintenir la transparence.[\/vc_column_text][vc_row_inner equal_height=&#8221;yes&#8221; content_placement=&#8221;middle&#8221; kd_background_image_position=&#8221;vc_row-bg-position-top&#8221; kd_background_overlay=&#8221;true&#8221; css=&#8221;.vc_custom_1757663803556{margin-top: 50px !important;margin-bottom: 50px !important;padding-top: 30px !important;padding-bottom: 30px !important;border-radius: 10px !important;}&#8221;][vc_column_inner width=&#8221;1\/3&#8243; offset=&#8221;vc_hidden-xs&#8221;][vc_single_image image=&#8221;21424&#8243; img_size=&#8221;&#8221; alignment=&#8221;center&#8221; css=&#8221;&#8221;][\/vc_column_inner][vc_column_inner width=&#8221;2\/3&#8243;]<header class=\"kd-section-title col-lg-12 text-left  subtitle-below-title   \" ><h4 class=\"separator_off\" >Facturez au Tarif Physio en quelques clics<\/h4><\/header>[vc_column_text css=&#8221;&#8221;]<\/p>\r\n<table style=\"width: 100%; border: none;\">\r\n<tbody style=\"border: none;\">\r\n<tr style=\"border: none;\">\r\n<td style=\"border: none;\">\u2705 <a href=\"https:\/\/info.onedoc.ch\/fr\/invoice\/facture-qr\/\">Factures QR<\/a><\/td>\r\n<td style=\"border: none;\">\u2705 <a href=\"https:\/\/info.onedoc.ch\/fr\/invoice\/rapprochement-automatique\/\">Rapprochement bancaire<\/a><\/td>\r\n<\/tr>\r\n<tr style=\"border: none;\">\r\n<td style=\"border: none;\">\u2705 <a href=\"https:\/\/info.onedoc.ch\/fr\/invoice\/rappels-paiement\/\">Rappels de paiement<\/a><\/td>\r\n<td style=\"border: none;\">\u2705 <a href=\"https:\/\/info.onedoc.ch\/fr\/invoice\/clotures-comptables\/\">Cl\u00f4tures comptables<\/a><\/td>\r\n<\/tr>\r\n<\/tbody>\r\n<\/table>\r\n<p>[\/vc_column_text]<a  href=\"\"    class=\"tt_button tt_primary_button btn_primary_color hover_solid_secondary btn-align-left button-action-link    popmake-18523\" ><span class=\"prim_text\">Obtenir une d\u00e9mo<\/span><\/a>[\/vc_column_inner][\/vc_row_inner]<header class=\"kd-section-title col-lg-12 text-left  subtitle-below-title    vc_custom_1757929603449\" ><h2 class=\"separator_off\" >Tableau r\u00e9capitulatif des changements tarifaires 2025<\/h2><\/header>[vc_column_text css=&#8221;.vc_custom_1757930332272{margin-bottom: 50px !important;}&#8221;]<\/p>\r\n<figure class=\"wp-block-table\">\r\n<table class=\"has-fixed-layout\">\r\n<thead>\r\n<tr>\r\n<th><strong>Type de prestation<\/strong><\/th>\r\n<th><strong>Facturation actuelle<\/strong><\/th>\r\n<th><strong>Nouvelle facturation d\u00e8s le 1er juillet 2025<\/strong><\/th>\r\n<\/tr>\r\n<\/thead>\r\n<tbody>\r\n<tr>\r\n<td>Traitement standard<\/td>\r\n<td>Forfait<\/td>\r\n<td>Facturation par tranche de 5 minutes<\/td>\r\n<\/tr>\r\n<tr>\r\n<td>Prestations en l\u2019absence du patient<\/td>\r\n<td>Non r\u00e9mun\u00e9r\u00e9es<\/td>\r\n<td>D\u00e9sormais r\u00e9mun\u00e9r\u00e9es<\/td>\r\n<\/tr>\r\n<tr>\r\n<td>Vid\u00e9o-consultation<\/td>\r\n<td>Non r\u00e9mun\u00e9r\u00e9e<\/td>\r\n<td>D\u00e9sormais r\u00e9mun\u00e9r\u00e9e<\/td>\r\n<\/tr>\r\n<tr>\r\n<td>Th\u00e9rapies en infrastructures sp\u00e9cifiques<\/td>\r\n<td>Forfait ou non r\u00e9mun\u00e9r\u00e9es<\/td>\r\n<td>R\u00e9mun\u00e9r\u00e9es avec suppl\u00e9ments sp\u00e9cifiques<\/td>\r\n<\/tr>\r\n<tr>\r\n<td>Entra\u00eenement th\u00e9rapeutique m\u00e9dicalis\u00e9 (MTT)<\/td>\r\n<td>Forfait ou non r\u00e9mun\u00e9r\u00e9<\/td>\r\n<td>R\u00e9mun\u00e9r\u00e9 avec suppl\u00e9ment sp\u00e9cifique<\/td>\r\n<\/tr>\r\n<tr>\r\n<td>Traitement avec deux physioth\u00e9rapeutes<\/td>\r\n<td>Non r\u00e9mun\u00e9r\u00e9<\/td>\r\n<td>R\u00e9mun\u00e9r\u00e9 avec suppl\u00e9ment<\/td>\r\n<\/tr>\r\n<\/tbody>\r\n<\/table>\r\n<\/figure>\r\n<p>[\/vc_column_text]<header class=\"kd-section-title col-lg-12 text-left  subtitle-below-title    vc_custom_1757929908137\" ><h2 class=\"separator_off\" >Le r\u00f4le des outils digitaux dans la facturation en physioth\u00e9rapie en 2025<\/h2><\/header>[vc_column_text css=&#8221;.vc_custom_1757930437629{margin-bottom: 50px !important;}&#8221;]<\/p>\r\n<p>La r\u00e9forme met en \u00e9vidence l\u2019importance d\u2019utiliser des outils adapt\u00e9s. <a href=\"https:\/\/info.onedoc.ch\/fr\/specialite\/physiotherapeute\/\">Avec OneDoc Pro, les physioth\u00e9rapeutes<\/a> disposent d\u2019un module de facturation conforme qui int\u00e8gre automatiquement les changements tarifaires, tout en offrant la <a href=\"https:\/\/info.onedoc.ch\/fr\/hub\/prise-de-rdv-en-ligne\/\">prise de rendez-vous en ligne<\/a> et la <a href=\"https:\/\/info.onedoc.ch\/fr\/visio\/module-de-teleconsultation\/\">t\u00e9l\u00e9consultation<\/a>, ce qui permet d\u2019optimiser l\u2019activit\u00e9 du cabinet au-del\u00e0 de la simple facturation.<\/p>\r\n<p>[\/vc_column_text][vc_column_text css=&#8221;.vc_custom_1760040386165{margin-top: 50px !important;margin-bottom: 50px !important;}&#8221; el_class=&#8221;popmake-18523&#8243;]<\/p>\r\n<p style=\"text-align: center; font-size: 25px;\">\ud83d\udc49 <a href=\"#\">\u00c9changez avec nos experts et d\u00e9couvrez OneDoc Pro pour physioth\u00e9rapeutes<\/a><\/p>\r\n<p>[\/vc_column_text][vc_column_text css=&#8221;.vc_custom_1757930445996{margin-bottom: 50px !important;}&#8221;]<\/p>\r\n<p><strong>Source:<\/strong><\/p>\r\n<p><!-- \/wp:post-content -->\r\n\r\n<!-- wp:paragraph --><a href=\"https:\/\/physioswiss.ch\/fr\/tarifs\/nouvelle-convention-tarifaire-aa-am-ai\/#changement-de-tarif\">PhysioSwiss \u2013 Changement de tarif<\/a><\/p>\r\n<p>[\/vc_column_text][\/vc_column][\/vc_row]<\/p><\/div>","protected":false},"excerpt":{"rendered":"<p>[vc_row gap=&#8221;10&#8243; kd_background_image_position=&#8221;vc_row-bg-position-top&#8221;][vc_column][vc_column_text css=&#8221;&#8221;]Depuis le 1er juillet 2025, une r\u00e9forme majeure a [&hellip;]<\/p>\n","protected":false},"author":4,"featured_media":14502,"comment_status":"closed","ping_status":"closed","sticky":false,"template":"","format":"standard","meta":{"footnotes":""},"categories":[74],"tags":[255,333],"class_list":["post-14499","post","type-post","status-publish","format-standard","has-post-thumbnail","hentry","category-physiotherapeutes","tag-facturation","tag-tarif-physiotherapie"],"yoast_head":"<!-- This site is optimized with the Yoast SEO Premium plugin v27.2 (Yoast SEO v27.5) - https:\/\/yoast.com\/product\/yoast-seo-premium-wordpress\/ -->\n<title>Changements tarifaires 2025 des physioth\u00e9rapeutes<\/title>\n<meta name=\"description\" content=\"Depuis le 1er juillet 2025, une modification importante est entr\u00e9e en vigueur concernant la facturation des prestations de physioth\u00e9rapie.\" \/>\n<meta name=\"robots\" content=\"index, follow, max-snippet:-1, max-image-preview:large, max-video-preview:-1\" \/>\n<link rel=\"canonical\" href=\"https:\/\/info.onedoc.ch\/fr\/blog\/physiotherapeutes\/changements-tarifaires-physiotherapeutes-2025\/\" \/>\n<meta property=\"og:locale\" content=\"fr_FR\" \/>\n<meta property=\"og:type\" content=\"article\" \/>\n<meta property=\"og:title\" content=\"Changements tarifaires 2025 des physioth\u00e9rapeutes\" \/>\n<meta property=\"og:description\" content=\"Depuis le 1er juillet 2025, une modification importante est entr\u00e9e en vigueur concernant la facturation des prestations de physioth\u00e9rapie. \u00cates-vous pr\u00eat?\" \/>\n<meta property=\"og:url\" content=\"https:\/\/info.onedoc.ch\/fr\/blog\/physiotherapeutes\/changements-tarifaires-physiotherapeutes-2025\/\" \/>\n<meta property=\"og:site_name\" content=\"OneDoc Pro\" \/>\n<meta property=\"article:publisher\" content=\"https:\/\/www.facebook.com\/onedoc.ch\/\" \/>\n<meta property=\"article:published_time\" content=\"2025-06-30T14:43:28+00:00\" \/>\n<meta property=\"article:modified_time\" content=\"2025-11-05T13:01:43+00:00\" \/>\n<meta property=\"og:image\" content=\"https:\/\/info.onedoc.ch\/wp-content\/uploads\/2025\/06\/changement-tarifaire-en-physiotherapie-2025.jpg\" \/>\n\t<meta property=\"og:image:width\" content=\"1500\" \/>\n\t<meta property=\"og:image:height\" content=\"1000\" \/>\n\t<meta property=\"og:image:type\" content=\"image\/jpeg\" \/>\n<meta name=\"author\" content=\"Victoria Nover\" \/>\n<meta name=\"twitter:card\" content=\"summary_large_image\" \/>\n<meta name=\"twitter:title\" content=\"Changements tarifaires 2025 des physioth\u00e9rapeutes\" \/>\n<meta name=\"twitter:description\" content=\"Depuis le 1er juillet 2025, une modification importante est entr\u00e9e en vigueur concernant la facturation des prestations de physioth\u00e9rapie. \u00cates-vous pr\u00eat?\" \/>\n<meta name=\"twitter:creator\" content=\"@onedoc_ch\" \/>\n<meta name=\"twitter:site\" content=\"@onedoc_ch\" \/>\n<meta name=\"twitter:label1\" content=\"Written by\" \/>\n\t<meta name=\"twitter:data1\" content=\"Victoria Nover\" \/>\n\t<meta name=\"twitter:label2\" content=\"Est. reading time\" \/>\n\t<meta name=\"twitter:data2\" content=\"4 minutes\" \/>\n<script type=\"application\/ld+json\" class=\"yoast-schema-graph\">{\"@context\":\"https:\\\/\\\/schema.org\",\"@graph\":[{\"@type\":[\"Article\",\"BlogPosting\"],\"@id\":\"https:\\\/\\\/info.onedoc.ch\\\/fr\\\/blog\\\/physiotherapeutes\\\/changements-tarifaires-physiotherapeutes-2025\\\/#article\",\"isPartOf\":{\"@id\":\"https:\\\/\\\/info.onedoc.ch\\\/fr\\\/blog\\\/physiotherapeutes\\\/changements-tarifaires-physiotherapeutes-2025\\\/\"},\"author\":{\"name\":\"Victoria Nover\",\"@id\":\"https:\\\/\\\/info.onedoc.ch\\\/fr\\\/#\\\/schema\\\/person\\\/fa9ea006257198a701bc2d21cecbfe65\"},\"headline\":\"Tout ce qu&#8217;il faut savoir sur les changements tarifaires 2025 pour les physioth\u00e9rapeutes\",\"datePublished\":\"2025-06-30T14:43:28+00:00\",\"dateModified\":\"2025-11-05T13:01:43+00:00\",\"mainEntityOfPage\":{\"@id\":\"https:\\\/\\\/info.onedoc.ch\\\/fr\\\/blog\\\/physiotherapeutes\\\/changements-tarifaires-physiotherapeutes-2025\\\/\"},\"wordCount\":966,\"publisher\":{\"@id\":\"https:\\\/\\\/info.onedoc.ch\\\/fr\\\/#organization\"},\"image\":{\"@id\":\"https:\\\/\\\/info.onedoc.ch\\\/fr\\\/blog\\\/physiotherapeutes\\\/changements-tarifaires-physiotherapeutes-2025\\\/#primaryimage\"},\"thumbnailUrl\":\"https:\\\/\\\/info.onedoc.ch\\\/wp-content\\\/uploads\\\/2025\\\/06\\\/changement-tarifaire-en-physiotherapie-2025.jpg\",\"keywords\":[\"Facturation\",\"Tarif de physioth\u00e9rapie\"],\"articleSection\":[\"Physioth\u00e9rapeutes\"],\"inLanguage\":\"fr-CH\"},{\"@type\":\"WebPage\",\"@id\":\"https:\\\/\\\/info.onedoc.ch\\\/fr\\\/blog\\\/physiotherapeutes\\\/changements-tarifaires-physiotherapeutes-2025\\\/\",\"url\":\"https:\\\/\\\/info.onedoc.ch\\\/fr\\\/blog\\\/physiotherapeutes\\\/changements-tarifaires-physiotherapeutes-2025\\\/\",\"name\":\"Changements tarifaires 2025 des physioth\u00e9rapeutes\",\"isPartOf\":{\"@id\":\"https:\\\/\\\/info.onedoc.ch\\\/fr\\\/#website\"},\"primaryImageOfPage\":{\"@id\":\"https:\\\/\\\/info.onedoc.ch\\\/fr\\\/blog\\\/physiotherapeutes\\\/changements-tarifaires-physiotherapeutes-2025\\\/#primaryimage\"},\"image\":{\"@id\":\"https:\\\/\\\/info.onedoc.ch\\\/fr\\\/blog\\\/physiotherapeutes\\\/changements-tarifaires-physiotherapeutes-2025\\\/#primaryimage\"},\"thumbnailUrl\":\"https:\\\/\\\/info.onedoc.ch\\\/wp-content\\\/uploads\\\/2025\\\/06\\\/changement-tarifaire-en-physiotherapie-2025.jpg\",\"datePublished\":\"2025-06-30T14:43:28+00:00\",\"dateModified\":\"2025-11-05T13:01:43+00:00\",\"description\":\"Depuis le 1er juillet 2025, une modification importante est entr\u00e9e en vigueur concernant la facturation des prestations de physioth\u00e9rapie.\",\"inLanguage\":\"fr-CH\",\"potentialAction\":[{\"@type\":\"ReadAction\",\"target\":[\"https:\\\/\\\/info.onedoc.ch\\\/fr\\\/blog\\\/physiotherapeutes\\\/changements-tarifaires-physiotherapeutes-2025\\\/\"]}]},{\"@type\":\"ImageObject\",\"inLanguage\":\"fr-CH\",\"@id\":\"https:\\\/\\\/info.onedoc.ch\\\/fr\\\/blog\\\/physiotherapeutes\\\/changements-tarifaires-physiotherapeutes-2025\\\/#primaryimage\",\"url\":\"https:\\\/\\\/info.onedoc.ch\\\/wp-content\\\/uploads\\\/2025\\\/06\\\/changement-tarifaire-en-physiotherapie-2025.jpg\",\"contentUrl\":\"https:\\\/\\\/info.onedoc.ch\\\/wp-content\\\/uploads\\\/2025\\\/06\\\/changement-tarifaire-en-physiotherapie-2025.jpg\",\"width\":1500,\"height\":1000,\"caption\":\"D\u00e9couvrez les changements cl\u00e9s du tarif de physioth\u00e9rapie applicables d\u00e8s le 1er juillet 2025 et comment OneDoc vous aide \u00e0 facturer en toute simplicit\u00e9.\"},{\"@type\":\"WebSite\",\"@id\":\"https:\\\/\\\/info.onedoc.ch\\\/fr\\\/#website\",\"url\":\"https:\\\/\\\/info.onedoc.ch\\\/fr\\\/\",\"name\":\"OneDoc Pro - Moins d\u2019administratif, plus de temps pour vos patients\",\"description\":\"L&#039;alli\u00e9 des professionnels de sant\u00e9 suisses au quotidien\",\"publisher\":{\"@id\":\"https:\\\/\\\/info.onedoc.ch\\\/fr\\\/#organization\"},\"alternateName\":\"OneDoc Pro\",\"potentialAction\":[{\"@type\":\"SearchAction\",\"target\":{\"@type\":\"EntryPoint\",\"urlTemplate\":\"https:\\\/\\\/info.onedoc.ch\\\/fr\\\/?s={search_term_string}\"},\"query-input\":{\"@type\":\"PropertyValueSpecification\",\"valueRequired\":true,\"valueName\":\"search_term_string\"}}],\"inLanguage\":\"fr-CH\"},{\"@type\":\"Organization\",\"@id\":\"https:\\\/\\\/info.onedoc.ch\\\/fr\\\/#organization\",\"name\":\"OneDoc\",\"alternateName\":\"OneDoc.ch\",\"url\":\"https:\\\/\\\/info.onedoc.ch\\\/fr\\\/\",\"logo\":{\"@type\":\"ImageObject\",\"inLanguage\":\"fr-CH\",\"@id\":\"https:\\\/\\\/info.onedoc.ch\\\/fr\\\/#\\\/schema\\\/logo\\\/image\\\/\",\"url\":\"https:\\\/\\\/info.onedoc.ch\\\/wp-content\\\/uploads\\\/2025\\\/06\\\/doki-logo.png\",\"contentUrl\":\"https:\\\/\\\/info.onedoc.ch\\\/wp-content\\\/uploads\\\/2025\\\/06\\\/doki-logo.png\",\"width\":2134,\"height\":2134,\"caption\":\"OneDoc\"},\"image\":{\"@id\":\"https:\\\/\\\/info.onedoc.ch\\\/fr\\\/#\\\/schema\\\/logo\\\/image\\\/\"},\"sameAs\":[\"https:\\\/\\\/www.facebook.com\\\/onedoc.ch\\\/\",\"https:\\\/\\\/x.com\\\/onedoc_ch\",\"https:\\\/\\\/www.instagram.com\\\/onedoc.ch\\\/\",\"https:\\\/\\\/www.linkedin.com\\\/company\\\/onedoc.ch\\\/\",\"https:\\\/\\\/www.youtube.com\\\/channel\\\/UCWnlE63em_m8ZioBA5n8Z6w\"],\"description\":\"OneDoc est la plateforme leader en Suisse pour la r\u00e9servation de rendez-vous m\u00e9dicaux. Les patients peuvent rechercher des milliers de professionnels de la sant\u00e9 suisses (m\u00e9decins, dentistes et th\u00e9rapeutes) et r\u00e9server un rendez-vous sur place ou une consultation vid\u00e9o en quelques clics, 24 heures sur 24.\",\"legalName\":\"OneDoc SA\",\"foundingDate\":\"2016-12-31\",\"numberOfEmployees\":{\"@type\":\"QuantitativeValue\",\"minValue\":\"51\",\"maxValue\":\"200\"}},{\"@type\":\"Person\",\"@id\":\"https:\\\/\\\/info.onedoc.ch\\\/fr\\\/#\\\/schema\\\/person\\\/fa9ea006257198a701bc2d21cecbfe65\",\"name\":\"Victoria Nover\",\"image\":{\"@type\":\"ImageObject\",\"inLanguage\":\"fr-CH\",\"@id\":\"https:\\\/\\\/secure.gravatar.com\\\/avatar\\\/c0f865e62f53fe4c47715bcef8c2935789b3ffdea88f17952c4e53ef87d4e4b3?s=96&d=mm&r=g\",\"url\":\"https:\\\/\\\/secure.gravatar.com\\\/avatar\\\/c0f865e62f53fe4c47715bcef8c2935789b3ffdea88f17952c4e53ef87d4e4b3?s=96&d=mm&r=g\",\"contentUrl\":\"https:\\\/\\\/secure.gravatar.com\\\/avatar\\\/c0f865e62f53fe4c47715bcef8c2935789b3ffdea88f17952c4e53ef87d4e4b3?s=96&d=mm&r=g\",\"caption\":\"Victoria Nover\"}}]}<\/script>\n<!-- \/ Yoast SEO Premium plugin. -->","yoast_head_json":{"title":"Changements tarifaires 2025 des physioth\u00e9rapeutes","description":"Depuis le 1er juillet 2025, une modification importante est entr\u00e9e en vigueur concernant la facturation des prestations de physioth\u00e9rapie.","robots":{"index":"index","follow":"follow","max-snippet":"max-snippet:-1","max-image-preview":"max-image-preview:large","max-video-preview":"max-video-preview:-1"},"canonical":"https:\/\/info.onedoc.ch\/fr\/blog\/physiotherapeutes\/changements-tarifaires-physiotherapeutes-2025\/","og_locale":"fr_FR","og_type":"article","og_title":"Changements tarifaires 2025 des physioth\u00e9rapeutes","og_description":"Depuis le 1er juillet 2025, une modification importante est entr\u00e9e en vigueur concernant la facturation des prestations de physioth\u00e9rapie. \u00cates-vous pr\u00eat?","og_url":"https:\/\/info.onedoc.ch\/fr\/blog\/physiotherapeutes\/changements-tarifaires-physiotherapeutes-2025\/","og_site_name":"OneDoc Pro","article_publisher":"https:\/\/www.facebook.com\/onedoc.ch\/","article_published_time":"2025-06-30T14:43:28+00:00","article_modified_time":"2025-11-05T13:01:43+00:00","og_image":[{"width":1500,"height":1000,"url":"https:\/\/info.onedoc.ch\/wp-content\/uploads\/2025\/06\/changement-tarifaire-en-physiotherapie-2025.jpg","type":"image\/jpeg"}],"author":"Victoria Nover","twitter_card":"summary_large_image","twitter_title":"Changements tarifaires 2025 des physioth\u00e9rapeutes","twitter_description":"Depuis le 1er juillet 2025, une modification importante est entr\u00e9e en vigueur concernant la facturation des prestations de physioth\u00e9rapie. \u00cates-vous pr\u00eat?","twitter_creator":"@onedoc_ch","twitter_site":"@onedoc_ch","twitter_misc":{"Written by":"Victoria Nover","Est. reading time":"4 minutes"},"schema":{"@context":"https:\/\/schema.org","@graph":[{"@type":["Article","BlogPosting"],"@id":"https:\/\/info.onedoc.ch\/fr\/blog\/physiotherapeutes\/changements-tarifaires-physiotherapeutes-2025\/#article","isPartOf":{"@id":"https:\/\/info.onedoc.ch\/fr\/blog\/physiotherapeutes\/changements-tarifaires-physiotherapeutes-2025\/"},"author":{"name":"Victoria Nover","@id":"https:\/\/info.onedoc.ch\/fr\/#\/schema\/person\/fa9ea006257198a701bc2d21cecbfe65"},"headline":"Tout ce qu&#8217;il faut savoir sur les changements tarifaires 2025 pour les physioth\u00e9rapeutes","datePublished":"2025-06-30T14:43:28+00:00","dateModified":"2025-11-05T13:01:43+00:00","mainEntityOfPage":{"@id":"https:\/\/info.onedoc.ch\/fr\/blog\/physiotherapeutes\/changements-tarifaires-physiotherapeutes-2025\/"},"wordCount":966,"publisher":{"@id":"https:\/\/info.onedoc.ch\/fr\/#organization"},"image":{"@id":"https:\/\/info.onedoc.ch\/fr\/blog\/physiotherapeutes\/changements-tarifaires-physiotherapeutes-2025\/#primaryimage"},"thumbnailUrl":"https:\/\/info.onedoc.ch\/wp-content\/uploads\/2025\/06\/changement-tarifaire-en-physiotherapie-2025.jpg","keywords":["Facturation","Tarif de physioth\u00e9rapie"],"articleSection":["Physioth\u00e9rapeutes"],"inLanguage":"fr-CH"},{"@type":"WebPage","@id":"https:\/\/info.onedoc.ch\/fr\/blog\/physiotherapeutes\/changements-tarifaires-physiotherapeutes-2025\/","url":"https:\/\/info.onedoc.ch\/fr\/blog\/physiotherapeutes\/changements-tarifaires-physiotherapeutes-2025\/","name":"Changements tarifaires 2025 des physioth\u00e9rapeutes","isPartOf":{"@id":"https:\/\/info.onedoc.ch\/fr\/#website"},"primaryImageOfPage":{"@id":"https:\/\/info.onedoc.ch\/fr\/blog\/physiotherapeutes\/changements-tarifaires-physiotherapeutes-2025\/#primaryimage"},"image":{"@id":"https:\/\/info.onedoc.ch\/fr\/blog\/physiotherapeutes\/changements-tarifaires-physiotherapeutes-2025\/#primaryimage"},"thumbnailUrl":"https:\/\/info.onedoc.ch\/wp-content\/uploads\/2025\/06\/changement-tarifaire-en-physiotherapie-2025.jpg","datePublished":"2025-06-30T14:43:28+00:00","dateModified":"2025-11-05T13:01:43+00:00","description":"Depuis le 1er juillet 2025, une modification importante est entr\u00e9e en vigueur concernant la facturation des prestations de physioth\u00e9rapie.","inLanguage":"fr-CH","potentialAction":[{"@type":"ReadAction","target":["https:\/\/info.onedoc.ch\/fr\/blog\/physiotherapeutes\/changements-tarifaires-physiotherapeutes-2025\/"]}]},{"@type":"ImageObject","inLanguage":"fr-CH","@id":"https:\/\/info.onedoc.ch\/fr\/blog\/physiotherapeutes\/changements-tarifaires-physiotherapeutes-2025\/#primaryimage","url":"https:\/\/info.onedoc.ch\/wp-content\/uploads\/2025\/06\/changement-tarifaire-en-physiotherapie-2025.jpg","contentUrl":"https:\/\/info.onedoc.ch\/wp-content\/uploads\/2025\/06\/changement-tarifaire-en-physiotherapie-2025.jpg","width":1500,"height":1000,"caption":"D\u00e9couvrez les changements cl\u00e9s du tarif de physioth\u00e9rapie applicables d\u00e8s le 1er juillet 2025 et comment OneDoc vous aide \u00e0 facturer en toute simplicit\u00e9."},{"@type":"WebSite","@id":"https:\/\/info.onedoc.ch\/fr\/#website","url":"https:\/\/info.onedoc.ch\/fr\/","name":"OneDoc Pro - Moins d\u2019administratif, plus de temps pour vos patients","description":"L&#039;alli\u00e9 des professionnels de sant\u00e9 suisses au quotidien","publisher":{"@id":"https:\/\/info.onedoc.ch\/fr\/#organization"},"alternateName":"OneDoc Pro","potentialAction":[{"@type":"SearchAction","target":{"@type":"EntryPoint","urlTemplate":"https:\/\/info.onedoc.ch\/fr\/?s={search_term_string}"},"query-input":{"@type":"PropertyValueSpecification","valueRequired":true,"valueName":"search_term_string"}}],"inLanguage":"fr-CH"},{"@type":"Organization","@id":"https:\/\/info.onedoc.ch\/fr\/#organization","name":"OneDoc","alternateName":"OneDoc.ch","url":"https:\/\/info.onedoc.ch\/fr\/","logo":{"@type":"ImageObject","inLanguage":"fr-CH","@id":"https:\/\/info.onedoc.ch\/fr\/#\/schema\/logo\/image\/","url":"https:\/\/info.onedoc.ch\/wp-content\/uploads\/2025\/06\/doki-logo.png","contentUrl":"https:\/\/info.onedoc.ch\/wp-content\/uploads\/2025\/06\/doki-logo.png","width":2134,"height":2134,"caption":"OneDoc"},"image":{"@id":"https:\/\/info.onedoc.ch\/fr\/#\/schema\/logo\/image\/"},"sameAs":["https:\/\/www.facebook.com\/onedoc.ch\/","https:\/\/x.com\/onedoc_ch","https:\/\/www.instagram.com\/onedoc.ch\/","https:\/\/www.linkedin.com\/company\/onedoc.ch\/","https:\/\/www.youtube.com\/channel\/UCWnlE63em_m8ZioBA5n8Z6w"],"description":"OneDoc est la plateforme leader en Suisse pour la r\u00e9servation de rendez-vous m\u00e9dicaux. Les patients peuvent rechercher des milliers de professionnels de la sant\u00e9 suisses (m\u00e9decins, dentistes et th\u00e9rapeutes) et r\u00e9server un rendez-vous sur place ou une consultation vid\u00e9o en quelques clics, 24 heures sur 24.","legalName":"OneDoc SA","foundingDate":"2016-12-31","numberOfEmployees":{"@type":"QuantitativeValue","minValue":"51","maxValue":"200"}},{"@type":"Person","@id":"https:\/\/info.onedoc.ch\/fr\/#\/schema\/person\/fa9ea006257198a701bc2d21cecbfe65","name":"Victoria Nover","image":{"@type":"ImageObject","inLanguage":"fr-CH","@id":"https:\/\/secure.gravatar.com\/avatar\/c0f865e62f53fe4c47715bcef8c2935789b3ffdea88f17952c4e53ef87d4e4b3?s=96&d=mm&r=g","url":"https:\/\/secure.gravatar.com\/avatar\/c0f865e62f53fe4c47715bcef8c2935789b3ffdea88f17952c4e53ef87d4e4b3?s=96&d=mm&r=g","contentUrl":"https:\/\/secure.gravatar.com\/avatar\/c0f865e62f53fe4c47715bcef8c2935789b3ffdea88f17952c4e53ef87d4e4b3?s=96&d=mm&r=g","caption":"Victoria Nover"}}]}},"_links":{"self":[{"href":"https:\/\/info.onedoc.ch\/fr\/wp-json\/wp\/v2\/posts\/14499","targetHints":{"allow":["GET"]}}],"collection":[{"href":"https:\/\/info.onedoc.ch\/fr\/wp-json\/wp\/v2\/posts"}],"about":[{"href":"https:\/\/info.onedoc.ch\/fr\/wp-json\/wp\/v2\/types\/post"}],"author":[{"embeddable":true,"href":"https:\/\/info.onedoc.ch\/fr\/wp-json\/wp\/v2\/users\/4"}],"replies":[{"embeddable":true,"href":"https:\/\/info.onedoc.ch\/fr\/wp-json\/wp\/v2\/comments?post=14499"}],"version-history":[{"count":14,"href":"https:\/\/info.onedoc.ch\/fr\/wp-json\/wp\/v2\/posts\/14499\/revisions"}],"predecessor-version":[{"id":30132,"href":"https:\/\/info.onedoc.ch\/fr\/wp-json\/wp\/v2\/posts\/14499\/revisions\/30132"}],"wp:featuredmedia":[{"embeddable":true,"href":"https:\/\/info.onedoc.ch\/fr\/wp-json\/wp\/v2\/media\/14502"}],"wp:attachment":[{"href":"https:\/\/info.onedoc.ch\/fr\/wp-json\/wp\/v2\/media?parent=14499"}],"wp:term":[{"taxonomy":"category","embeddable":true,"href":"https:\/\/info.onedoc.ch\/fr\/wp-json\/wp\/v2\/categories?post=14499"},{"taxonomy":"post_tag","embeddable":true,"href":"https:\/\/info.onedoc.ch\/fr\/wp-json\/wp\/v2\/tags?post=14499"}],"curies":[{"name":"wp","href":"https:\/\/api.w.org\/{rel}","templated":true}]}}