{"id":13840,"date":"2025-06-27T14:25:59","date_gmt":"2025-06-27T14:25:59","guid":{"rendered":"https:\/\/info.1doc.ch\/?p=13840"},"modified":"2026-01-29T12:59:18","modified_gmt":"2026-01-29T10:59:18","slug":"cas-utilisateur-dr-med-l-gut-orl","status":"publish","type":"post","link":"https:\/\/info.onedoc.ch\/fr\/blog\/cabinet-independant\/cas-utilisateur-dr-med-l-gut-orl\/","title":{"rendered":"[Cas utilisateur] Reprise d&#8217;un cabinet ORL r\u00e9ussie par la Dr. Med. L. Gut avec OneDoc Pro"},"content":{"rendered":"<div class=\"wpb-content-wrapper\"><p>[vc_row gap=&#8221;10&#8243; kd_background_image_position=&#8221;vc_row-bg-position-top&#8221;][vc_column][vc_column_text css=&#8221;&#8221;]<\/p>\n<p><a href=\"https:\/\/info.onedoc.ch\/fr\/blog\/cabinet-independant\/cas-utilisateur-ouverture-cabinet-medical-independant\/\">Reprendre un cabinet m\u00e9dical<\/a>, c\u2019est \u00e0 la fois un projet passionnant et un d\u00e9fi d\u2019entrepreneur. Entre la recherche de personnel, la gestion des co\u00fbts, la communication et les outils num\u00e9riques, la charge peut sembler immense. La Dr. med. Daniela L. Gut, sp\u00e9cialiste FMH en ORL \u00e0 Zurich, a franchi ce cap avec succ\u00e8s. Aujourd\u2019hui, son cabinet allie <strong>efficacit\u00e9 organisationnelle, autonomie professionnelle et visibilit\u00e9 digitale<\/strong> gr\u00e2ce \u00e0 OneDoc Pro. D\u00e9couvrez comment dans cet article.<\/p>\n<p>[\/vc_column_text][vc_column_text css=&#8221;.vc_custom_1760948032477{margin-top: 50px !important;margin-bottom: 50px !important;}&#8221;]<\/p>\n<p style=\"text-align: center; font-size: 25px;\">\ud83d\udc49 <a href=\"https:\/\/info.onedoc.ch\/fr\/blog\/cabinet-independant\/ouvrir-cabinet-medical-independant\/\">Les 7 \u00e9tapes cl\u00e9s pour ouvrir un cabinet m\u00e9dical ind\u00e9pendant<\/a><\/p>\n<p>[\/vc_column_text]<header class=\"kd-section-title col-lg-12 text-left  subtitle-below-title    vc_custom_1760948053443\" ><h2 class=\"separator_off\" >Le besoin de la Dr. med. Daniela L. Gut: faire vivre un cabinet tout en ma\u00eetrisant sa gestion<\/h2><\/header>[vc_column_text css=&#8221;.vc_custom_1760948080136{margin-bottom: 50px !important;}&#8221;]Avant de diriger son propre cabinet, la Dre Gut travaillait \u00e0 l\u2019h\u00f4pital Triemli. Si elle appr\u00e9ciait son travail, elle sentait que <strong>son \u00e9panouissement professionnel passait par davantage d\u2019autonomie<\/strong>.[\/vc_column_text][vc_column_text css=&#8221;.vc_custom_1760948190423{margin-bottom: 50px !important;}&#8221;]<\/p>\n<blockquote><p>Mon patron de l\u2019\u00e9poque m\u2019a propos\u00e9 de travailler \u00e0 50% dans son cabinet, je n\u2019ai \u00e9videmment pas laiss\u00e9 passer cette chance et j\u2019ai accept\u00e9. Puis il a ensuite quitt\u00e9 le cabinet, et c&#8217;est alors que <strong>la possibilit\u00e9 s\u2019est pr\u00e9sent\u00e9e \u00e0 moi<\/strong> de reprendre enti\u00e8rement la direction.<\/p><\/blockquote>\n<p>[\/vc_column_text][vc_column_text css=&#8221;.vc_custom_1760948213876{margin-bottom: 50px !important;}&#8221;]Ainsi, ce qui devait \u00eatre une exp\u00e9rience \u00e0 temps partiel devient une v\u00e9ritable aventure entrepreneuriale. Mais <strong>reprendre un cabinet ne se limite pas \u00e0 reprendre une patient\u00e8le<\/strong>: il faut apprendre \u00e0 g\u00e9rer une \u00e9quipe, un budget, et des processus administratifs.[\/vc_column_text][vc_column_text css=&#8221;.vc_custom_1760948260711{margin-bottom: 50px !important;}&#8221;]<\/p>\n<blockquote><p>Tout d\u2019abord, il est important de trouver du personnel comp\u00e9tent. (&#8230;) Malheureusement, d\u2019apr\u00e8s mon exp\u00e9rience, il est fondamentalement plus difficile de trouver du bon personnel aujourd\u2019hui.<\/p><\/blockquote>\n<p>[\/vc_column_text][vc_column_text css=&#8221;.vc_custom_1760948287263{margin-bottom: 50px !important;}&#8221;]<\/p>\n<p>Puis les <strong>contraintes financi\u00e8res<\/strong> viennent, elles aussi, s&#8217;ajouter \u00e0 la liste de d\u00e9fis:<\/p>\n<p>[\/vc_column_text][vc_column_text css=&#8221;.vc_custom_1760948318410{margin-bottom: 50px !important;}&#8221;]<\/p>\n<blockquote><p>Lors de la reprise ou de la cr\u00e9ation d\u2019un cabinet m\u00e9dical, il est <strong>important de toujours garder un \u0153il sur les co\u00fbts<\/strong> et de se rendre compte, par exemple, que des co\u00fbts trop \u00e9lev\u00e9s pour les locaux du cabinet auront un impact \u00e0 long terme, puisqu\u2019il s\u2019agit de co\u00fbts fixes.<\/p><\/blockquote>\n<p>[\/vc_column_text][vc_column_text css=&#8221;.vc_custom_1769684297642{margin-top: 50px !important;margin-bottom: 50px !important;}&#8221;]<\/p>\n<p style=\"text-align: center; font-size: 25px;\">\ud83d\udcca <a href=\"https:\/\/info.onedoc.ch\/fr\/blog\/cabinet-independant\/business-plan-ouvrir-cabinet-medical\/\">Construisez le business plan de votre cabinet gr\u00e2ce \u00e0 notre guide \u00e9tape-par-\u00e9tape<\/a><\/p>\n<p>[\/vc_column_text]<header class=\"kd-section-title col-lg-12 text-left  subtitle-below-title    vc_custom_1760948479659\" ><h2 class=\"separator_off\" >La solution: s\u2019appuyer sur des partenaires externes et digitaliser la prise de rendez-vous avec OneDoc Pro<\/h2><\/header>[vc_column_text css=&#8221;.vc_custom_1760948501695{margin-bottom: 50px !important;}&#8221;]Avec le temps, la Dre Gut d\u00e9veloppe une v\u00e9ritable approche entrepreneuriale. Elle fait \u00e9voluer son cabinet \u00e9tape par \u00e9tape, <strong>en s\u2019entourant de sp\u00e9cialistes externes et en modernisant progressivement ses outils<\/strong>.[\/vc_column_text][vc_column_text css=&#8221;.vc_custom_1760948517010{margin-bottom: 50px !important;}&#8221;]<\/p>\n<blockquote><p>La collaboration avec des experts externes est cl\u00e9.<\/p><\/blockquote>\n<p>[\/vc_column_text][vc_column_text css=&#8221;.vc_custom_1760948554029{margin-bottom: 50px !important;}&#8221;]De la refonte de son syst\u00e8me informatique \u00e0 la mise en place d\u2019un nouveau site web, <strong>chaque am\u00e9lioration vise \u00e0 gagner en fiabilit\u00e9 et en efficacit\u00e9<\/strong>.<br \/>\nC\u2019est dans cette logique qu\u2019elle d\u00e9cide d\u2019adopter <strong>la prise de rendez-vous en ligne OneDoc<\/strong> en ao\u00fbt 2021.[\/vc_column_text][vc_column_text css=&#8221;.vc_custom_1760948621962{margin-bottom: 50px !important;}&#8221;]<\/p>\n<blockquote><p>Les patients souhaitent aujourd\u2019hui pouvoir <strong>prendre leurs rendez-vous de mani\u00e8re flexible<\/strong> et en dehors des heures d\u2019ouverture classiques. Il me tient \u00e0 c\u0153ur de <a href=\"https:\/\/info.onedoc.ch\/fr\/besoins\/fidelisez-vos-patients\/\">r\u00e9pondre aux besoins des patients<\/a>.<\/p><\/blockquote>\n<p>[\/vc_column_text][vc_column_text css=&#8221;.vc_custom_1760948707879{margin-bottom: 50px !important;}&#8221;]<\/p>\n<p>Gr\u00e2ce \u00e0 OneDoc Pro, la Dre Gut b\u00e9n\u00e9ficie d\u2019un <strong>profil professionnel visible en ligne<\/strong> et d\u2019un <a href=\"https:\/\/info.onedoc.ch\/fr\/passerelles\/\"><strong>agenda connect\u00e9 \u00e0 son logiciel m\u00e9dical <\/strong><\/a>pour centraliser toutes les r\u00e9servations. Les patients peuvent d\u00e9sormais prendre rendez-vous 24h\/24, directement depuis le site web du cabinet ou via OneDoc.ch, sans passer par le t\u00e9l\u00e9phone. Cette digitalisation <strong>all\u00e8ge la charge administrative et renforce l\u2019image moderne du cabinet<\/strong>.<\/p>\n<p>[\/vc_column_text][vc_row_inner equal_height=&#8221;yes&#8221; content_placement=&#8221;middle&#8221; kd_background_image_position=&#8221;vc_row-bg-position-top&#8221; kd_background_overlay=&#8221;true&#8221; css=&#8221;.vc_custom_1757663803556{margin-top: 50px !important;margin-bottom: 50px !important;padding-top: 30px !important;padding-bottom: 30px !important;border-radius: 10px !important;}&#8221;][vc_column_inner width=&#8221;1\/3&#8243; offset=&#8221;vc_hidden-xs&#8221;][vc_single_image image=&#8221;21708&#8243; img_size=&#8221;&#8221; alignment=&#8221;center&#8221; css=&#8221;&#8221;][\/vc_column_inner][vc_column_inner width=&#8221;2\/3&#8243;]<header class=\"kd-section-title col-lg-12 text-left  subtitle-below-title   \" ><h4 class=\"separator_off\" >D\u00e9couvrez les fonctionnalit\u00e9s OneDoc Hub<\/h4><\/header>[vc_column_text css=&#8221;&#8221;]<\/p>\n<table style=\"width: 100%; border: none;\">\n<tbody style=\"border: none;\">\n<tr style=\"border: none;\">\n<td style=\"border: none;\">\u2705 <a href=\"https:\/\/info.onedoc.ch\/fr\/hub\/prise-de-rdv-en-ligne\/\">Prise de RDV en ligne<\/a><\/td>\n<td style=\"border: none;\">\u2705 <a href=\"https:\/\/info.onedoc.ch\/fr\/hub\/rappels-sms\/\">SMS de rappel<\/a><\/td>\n<\/tr>\n<tr style=\"border: none;\">\n<td style=\"border: none;\">\u2705 <a href=\"https:\/\/info.onedoc.ch\/fr\/hub\/profil-onedoc\/\">Profil sur OneDoc.ch<\/a><\/td>\n<td style=\"border: none;\">\u2705 <a href=\"https:\/\/info.onedoc.ch\/fr\/hub\/email-confirmation\/\">Email de confirmation<\/a><\/td>\n<\/tr>\n<\/tbody>\n<\/table>\n<p>[\/vc_column_text]<a  href=\"\"    class=\"tt_button tt_primary_button btn_primary_color hover_solid_secondary btn-align-left button-action-link    popmake-18523\" ><span class=\"prim_text\">Obtenir une d\u00e9mo<\/span><\/a>[\/vc_column_inner][\/vc_row_inner]<header class=\"kd-section-title col-lg-12 text-left  subtitle-below-title    vc_custom_1760948747094\" ><h2 class=\"separator_off\" >Les r\u00e9sultats: un cabinet plus visible, plus proche des patients et \u00e0 la gestion plus fluide<\/h2><\/header>[vc_column_text css=&#8221;.vc_custom_1760948810143{margin-bottom: 50px !important;}&#8221;]<\/p>\n<p>Aujourd\u2019hui, la Dre Gut g\u00e8re un cabinet performant, o\u00f9 <strong>l\u2019organisation repose sur des outils fiables et connect\u00e9s<\/strong>.<\/p>\n<p>La mise en place de la r\u00e9servation en ligne via OneDoc a permis:<\/p>\n<ul>\n<li>de <strong>r\u00e9duire<\/strong> les appels t\u00e9l\u00e9phoniques et la charge du secr\u00e9tariat<\/li>\n<li>d\u2019<strong>am\u00e9liorer<\/strong> la flexibilit\u00e9 des prises de rendez-vous<\/li>\n<li>et d\u2019<strong>accro\u00eetre<\/strong> la visibilit\u00e9 du cabinet aupr\u00e8s de nouveaux patients.<\/li>\n<\/ul>\n<p>[\/vc_column_text][vc_column_text css=&#8221;.vc_custom_1760948885247{margin-bottom: 50px !important;}&#8221;]Pour la Dre Gut, <strong>la r\u00e9ussite d\u2019un cabinet ne d\u00e9pend pas uniquement de la qualit\u00e9 des soins m\u00e9dicaux, mais aussi de sa capacit\u00e9 \u00e0 \u00e9voluer avec les besoins des patients.<\/strong><br \/>\nDigitaliser ses services avec OneDoc a \u00e9t\u00e9 un levier essentiel pour <strong>conjuguer proximit\u00e9, autonomie et modernit\u00e9<\/strong>.[\/vc_column_text][vc_column_text css=&#8221;.vc_custom_1760951357554{margin-top: 50px !important;margin-bottom: 50px !important;}&#8221; el_class=&#8221;popmake-18523&#8243;]<\/p>\n<p style=\"text-align: center; font-size: 25px;\">\ud83d\udc49 <a href=\"#\">Vous souhaitez, vous aussi, moderniser votre cabinet et offrir plus de flexibilit\u00e9 \u00e0 vos patients?<\/a><br \/>\n<a href=\"#\">Demandez une d\u00e9mo OneDoc Pro d\u00e8s aujourd\u2019hui.<\/a><\/p>\n<p>[\/vc_column_text][\/vc_column][\/vc_row]<\/p>\n<\/div>","protected":false},"excerpt":{"rendered":"<p>[vc_row gap=&#8221;10&#8243; kd_background_image_position=&#8221;vc_row-bg-position-top&#8221;][vc_column][vc_column_text css=&#8221;&#8221;] Reprendre un cabinet m\u00e9dical, c\u2019est \u00e0 la fois [&hellip;]<\/p>\n","protected":false},"author":4,"featured_media":13841,"comment_status":"closed","ping_status":"closed","sticky":false,"template":"","format":"standard","meta":{"footnotes":""},"categories":[161],"tags":[290],"class_list":["post-13840","post","type-post","status-publish","format-standard","has-post-thumbnail","hentry","category-cabinet-independant","tag-cas-clients"],"yoast_head":"<!-- This site is optimized with the Yoast SEO Premium plugin v27.2 (Yoast SEO v27.5) - https:\/\/yoast.com\/product\/yoast-seo-premium-wordpress\/ -->\n<title>Cas utilisateur: Reprise d&#039;un cabinet par l&#039;ORL Dr. Med. Gut<\/title>\n<meta name=\"description\" content=\"La Dr. L. Gut revient sur ses d\u00e9buts d&#039;ind\u00e9pendante et partage ses conseils pour les m\u00e9decins qui veulent cr\u00e9er ou reprendre un cabinet.\" \/>\n<meta name=\"robots\" content=\"index, follow, max-snippet:-1, max-image-preview:large, max-video-preview:-1\" \/>\n<link rel=\"canonical\" href=\"https:\/\/info.onedoc.ch\/fr\/blog\/cabinet-independant\/cas-utilisateur-dr-med-l-gut-orl\/\" \/>\n<meta property=\"og:locale\" content=\"fr_FR\" \/>\n<meta property=\"og:type\" content=\"article\" \/>\n<meta property=\"og:title\" content=\"Cas utilisateur: Reprise d&#039;un cabinet par l&#039;ORL Dr. Med. Gut\" \/>\n<meta property=\"og:description\" content=\"La Dr. L. Gut revient sur ses d\u00e9buts d&#039;ind\u00e9pendante et partage ses conseils pour les m\u00e9decins qui veulent cr\u00e9er ou reprendre un cabinet.\" \/>\n<meta property=\"og:url\" content=\"https:\/\/info.onedoc.ch\/fr\/blog\/cabinet-independant\/cas-utilisateur-dr-med-l-gut-orl\/\" \/>\n<meta property=\"og:site_name\" content=\"OneDoc Pro\" \/>\n<meta property=\"article:publisher\" content=\"https:\/\/www.facebook.com\/onedoc.ch\/\" \/>\n<meta property=\"article:published_time\" content=\"2025-06-27T14:25:59+00:00\" \/>\n<meta property=\"article:modified_time\" content=\"2026-01-29T10:59:18+00:00\" \/>\n<meta property=\"og:image\" content=\"https:\/\/info.onedoc.ch\/wp-content\/uploads\/2025\/06\/dr-daniela-gut-interview-onedoc-1.jpg\" \/>\n\t<meta property=\"og:image:width\" content=\"800\" \/>\n\t<meta property=\"og:image:height\" content=\"532\" \/>\n\t<meta property=\"og:image:type\" content=\"image\/jpeg\" \/>\n<meta name=\"author\" content=\"Victoria Nover\" \/>\n<meta name=\"twitter:card\" content=\"summary_large_image\" \/>\n<meta name=\"twitter:title\" content=\"Cas utilisateur: Reprise d&#039;un cabinet par l&#039;ORL Dr. Med. Gut\" \/>\n<meta name=\"twitter:description\" content=\"La Dr. L. Gut revient sur ses d\u00e9buts d&#039;ind\u00e9pendante et partage ses conseils pour les m\u00e9decins qui veulent cr\u00e9er ou reprendre un cabinet.\" \/>\n<meta name=\"twitter:creator\" content=\"@onedoc_ch\" \/>\n<meta name=\"twitter:site\" content=\"@onedoc_ch\" \/>\n<meta name=\"twitter:label1\" content=\"Written by\" \/>\n\t<meta name=\"twitter:data1\" content=\"Victoria Nover\" \/>\n\t<meta name=\"twitter:label2\" content=\"Est. reading time\" \/>\n\t<meta name=\"twitter:data2\" content=\"4 minutes\" \/>\n<script type=\"application\/ld+json\" class=\"yoast-schema-graph\">{\"@context\":\"https:\\\/\\\/schema.org\",\"@graph\":[{\"@type\":[\"Article\",\"BlogPosting\"],\"@id\":\"https:\\\/\\\/info.onedoc.ch\\\/fr\\\/blog\\\/cabinet-independant\\\/cas-utilisateur-dr-med-l-gut-orl\\\/#article\",\"isPartOf\":{\"@id\":\"https:\\\/\\\/info.onedoc.ch\\\/fr\\\/blog\\\/cabinet-independant\\\/cas-utilisateur-dr-med-l-gut-orl\\\/\"},\"author\":{\"name\":\"Victoria Nover\",\"@id\":\"https:\\\/\\\/info.onedoc.ch\\\/fr\\\/#\\\/schema\\\/person\\\/fa9ea006257198a701bc2d21cecbfe65\"},\"headline\":\"[Cas utilisateur] Reprise d&#8217;un cabinet ORL r\u00e9ussie par la Dr. Med. L. Gut avec OneDoc Pro\",\"datePublished\":\"2025-06-27T14:25:59+00:00\",\"dateModified\":\"2026-01-29T10:59:18+00:00\",\"mainEntityOfPage\":{\"@id\":\"https:\\\/\\\/info.onedoc.ch\\\/fr\\\/blog\\\/cabinet-independant\\\/cas-utilisateur-dr-med-l-gut-orl\\\/\"},\"wordCount\":1249,\"publisher\":{\"@id\":\"https:\\\/\\\/info.onedoc.ch\\\/fr\\\/#organization\"},\"image\":{\"@id\":\"https:\\\/\\\/info.onedoc.ch\\\/fr\\\/blog\\\/cabinet-independant\\\/cas-utilisateur-dr-med-l-gut-orl\\\/#primaryimage\"},\"thumbnailUrl\":\"https:\\\/\\\/info.onedoc.ch\\\/wp-content\\\/uploads\\\/2025\\\/06\\\/dr-daniela-gut-interview-onedoc-1.jpg\",\"keywords\":[\"Cas clients\"],\"articleSection\":[\"Cabinet ind\u00e9pendant\"],\"inLanguage\":\"fr-CH\"},{\"@type\":\"WebPage\",\"@id\":\"https:\\\/\\\/info.onedoc.ch\\\/fr\\\/blog\\\/cabinet-independant\\\/cas-utilisateur-dr-med-l-gut-orl\\\/\",\"url\":\"https:\\\/\\\/info.onedoc.ch\\\/fr\\\/blog\\\/cabinet-independant\\\/cas-utilisateur-dr-med-l-gut-orl\\\/\",\"name\":\"Cas utilisateur: Reprise d'un cabinet par l'ORL Dr. Med. Gut\",\"isPartOf\":{\"@id\":\"https:\\\/\\\/info.onedoc.ch\\\/fr\\\/#website\"},\"primaryImageOfPage\":{\"@id\":\"https:\\\/\\\/info.onedoc.ch\\\/fr\\\/blog\\\/cabinet-independant\\\/cas-utilisateur-dr-med-l-gut-orl\\\/#primaryimage\"},\"image\":{\"@id\":\"https:\\\/\\\/info.onedoc.ch\\\/fr\\\/blog\\\/cabinet-independant\\\/cas-utilisateur-dr-med-l-gut-orl\\\/#primaryimage\"},\"thumbnailUrl\":\"https:\\\/\\\/info.onedoc.ch\\\/wp-content\\\/uploads\\\/2025\\\/06\\\/dr-daniela-gut-interview-onedoc-1.jpg\",\"datePublished\":\"2025-06-27T14:25:59+00:00\",\"dateModified\":\"2026-01-29T10:59:18+00:00\",\"description\":\"La Dr. L. Gut revient sur ses d\u00e9buts d'ind\u00e9pendante et partage ses conseils pour les m\u00e9decins qui veulent cr\u00e9er ou reprendre un cabinet.\",\"inLanguage\":\"fr-CH\",\"potentialAction\":[{\"@type\":\"ReadAction\",\"target\":[\"https:\\\/\\\/info.onedoc.ch\\\/fr\\\/blog\\\/cabinet-independant\\\/cas-utilisateur-dr-med-l-gut-orl\\\/\"]}]},{\"@type\":\"ImageObject\",\"inLanguage\":\"fr-CH\",\"@id\":\"https:\\\/\\\/info.onedoc.ch\\\/fr\\\/blog\\\/cabinet-independant\\\/cas-utilisateur-dr-med-l-gut-orl\\\/#primaryimage\",\"url\":\"https:\\\/\\\/info.onedoc.ch\\\/wp-content\\\/uploads\\\/2025\\\/06\\\/dr-daniela-gut-interview-onedoc-1.jpg\",\"contentUrl\":\"https:\\\/\\\/info.onedoc.ch\\\/wp-content\\\/uploads\\\/2025\\\/06\\\/dr-daniela-gut-interview-onedoc-1.jpg\",\"width\":800,\"height\":532,\"caption\":\"Ouvrir ou reprendre un cabinet m\u00e9dical implique de nombreuses t\u00e2ches suppl\u00e9mentaires. Dr. Gut explique comment elle y est parvenue.\"},{\"@type\":\"WebSite\",\"@id\":\"https:\\\/\\\/info.onedoc.ch\\\/fr\\\/#website\",\"url\":\"https:\\\/\\\/info.onedoc.ch\\\/fr\\\/\",\"name\":\"OneDoc Pro - Moins d\u2019administratif, plus de temps pour vos patients\",\"description\":\"L&#039;alli\u00e9 des professionnels de sant\u00e9 suisses au quotidien\",\"publisher\":{\"@id\":\"https:\\\/\\\/info.onedoc.ch\\\/fr\\\/#organization\"},\"alternateName\":\"OneDoc Pro\",\"potentialAction\":[{\"@type\":\"SearchAction\",\"target\":{\"@type\":\"EntryPoint\",\"urlTemplate\":\"https:\\\/\\\/info.onedoc.ch\\\/fr\\\/?s={search_term_string}\"},\"query-input\":{\"@type\":\"PropertyValueSpecification\",\"valueRequired\":true,\"valueName\":\"search_term_string\"}}],\"inLanguage\":\"fr-CH\"},{\"@type\":\"Organization\",\"@id\":\"https:\\\/\\\/info.onedoc.ch\\\/fr\\\/#organization\",\"name\":\"OneDoc\",\"alternateName\":\"OneDoc.ch\",\"url\":\"https:\\\/\\\/info.onedoc.ch\\\/fr\\\/\",\"logo\":{\"@type\":\"ImageObject\",\"inLanguage\":\"fr-CH\",\"@id\":\"https:\\\/\\\/info.onedoc.ch\\\/fr\\\/#\\\/schema\\\/logo\\\/image\\\/\",\"url\":\"https:\\\/\\\/info.onedoc.ch\\\/wp-content\\\/uploads\\\/2025\\\/06\\\/doki-logo.png\",\"contentUrl\":\"https:\\\/\\\/info.onedoc.ch\\\/wp-content\\\/uploads\\\/2025\\\/06\\\/doki-logo.png\",\"width\":2134,\"height\":2134,\"caption\":\"OneDoc\"},\"image\":{\"@id\":\"https:\\\/\\\/info.onedoc.ch\\\/fr\\\/#\\\/schema\\\/logo\\\/image\\\/\"},\"sameAs\":[\"https:\\\/\\\/www.facebook.com\\\/onedoc.ch\\\/\",\"https:\\\/\\\/x.com\\\/onedoc_ch\",\"https:\\\/\\\/www.instagram.com\\\/onedoc.ch\\\/\",\"https:\\\/\\\/www.linkedin.com\\\/company\\\/onedoc.ch\\\/\",\"https:\\\/\\\/www.youtube.com\\\/channel\\\/UCWnlE63em_m8ZioBA5n8Z6w\"],\"description\":\"OneDoc est la plateforme leader en Suisse pour la r\u00e9servation de rendez-vous m\u00e9dicaux. Les patients peuvent rechercher des milliers de professionnels de la sant\u00e9 suisses (m\u00e9decins, dentistes et th\u00e9rapeutes) et r\u00e9server un rendez-vous sur place ou une consultation vid\u00e9o en quelques clics, 24 heures sur 24.\",\"legalName\":\"OneDoc SA\",\"foundingDate\":\"2016-12-31\",\"numberOfEmployees\":{\"@type\":\"QuantitativeValue\",\"minValue\":\"51\",\"maxValue\":\"200\"}},{\"@type\":\"Person\",\"@id\":\"https:\\\/\\\/info.onedoc.ch\\\/fr\\\/#\\\/schema\\\/person\\\/fa9ea006257198a701bc2d21cecbfe65\",\"name\":\"Victoria Nover\",\"image\":{\"@type\":\"ImageObject\",\"inLanguage\":\"fr-CH\",\"@id\":\"https:\\\/\\\/secure.gravatar.com\\\/avatar\\\/c0f865e62f53fe4c47715bcef8c2935789b3ffdea88f17952c4e53ef87d4e4b3?s=96&d=mm&r=g\",\"url\":\"https:\\\/\\\/secure.gravatar.com\\\/avatar\\\/c0f865e62f53fe4c47715bcef8c2935789b3ffdea88f17952c4e53ef87d4e4b3?s=96&d=mm&r=g\",\"contentUrl\":\"https:\\\/\\\/secure.gravatar.com\\\/avatar\\\/c0f865e62f53fe4c47715bcef8c2935789b3ffdea88f17952c4e53ef87d4e4b3?s=96&d=mm&r=g\",\"caption\":\"Victoria Nover\"}}]}<\/script>\n<!-- \/ Yoast SEO Premium plugin. -->","yoast_head_json":{"title":"Cas utilisateur: Reprise d'un cabinet par l'ORL Dr. Med. Gut","description":"La Dr. L. Gut revient sur ses d\u00e9buts d'ind\u00e9pendante et partage ses conseils pour les m\u00e9decins qui veulent cr\u00e9er ou reprendre un cabinet.","robots":{"index":"index","follow":"follow","max-snippet":"max-snippet:-1","max-image-preview":"max-image-preview:large","max-video-preview":"max-video-preview:-1"},"canonical":"https:\/\/info.onedoc.ch\/fr\/blog\/cabinet-independant\/cas-utilisateur-dr-med-l-gut-orl\/","og_locale":"fr_FR","og_type":"article","og_title":"Cas utilisateur: Reprise d'un cabinet par l'ORL Dr. Med. Gut","og_description":"La Dr. L. Gut revient sur ses d\u00e9buts d'ind\u00e9pendante et partage ses conseils pour les m\u00e9decins qui veulent cr\u00e9er ou reprendre un cabinet.","og_url":"https:\/\/info.onedoc.ch\/fr\/blog\/cabinet-independant\/cas-utilisateur-dr-med-l-gut-orl\/","og_site_name":"OneDoc Pro","article_publisher":"https:\/\/www.facebook.com\/onedoc.ch\/","article_published_time":"2025-06-27T14:25:59+00:00","article_modified_time":"2026-01-29T10:59:18+00:00","og_image":[{"width":800,"height":532,"url":"https:\/\/info.onedoc.ch\/wp-content\/uploads\/2025\/06\/dr-daniela-gut-interview-onedoc-1.jpg","type":"image\/jpeg"}],"author":"Victoria Nover","twitter_card":"summary_large_image","twitter_title":"Cas utilisateur: Reprise d'un cabinet par l'ORL Dr. Med. Gut","twitter_description":"La Dr. L. Gut revient sur ses d\u00e9buts d'ind\u00e9pendante et partage ses conseils pour les m\u00e9decins qui veulent cr\u00e9er ou reprendre un cabinet.","twitter_creator":"@onedoc_ch","twitter_site":"@onedoc_ch","twitter_misc":{"Written by":"Victoria Nover","Est. reading time":"4 minutes"},"schema":{"@context":"https:\/\/schema.org","@graph":[{"@type":["Article","BlogPosting"],"@id":"https:\/\/info.onedoc.ch\/fr\/blog\/cabinet-independant\/cas-utilisateur-dr-med-l-gut-orl\/#article","isPartOf":{"@id":"https:\/\/info.onedoc.ch\/fr\/blog\/cabinet-independant\/cas-utilisateur-dr-med-l-gut-orl\/"},"author":{"name":"Victoria Nover","@id":"https:\/\/info.onedoc.ch\/fr\/#\/schema\/person\/fa9ea006257198a701bc2d21cecbfe65"},"headline":"[Cas utilisateur] Reprise d&#8217;un cabinet ORL r\u00e9ussie par la Dr. Med. L. Gut avec OneDoc Pro","datePublished":"2025-06-27T14:25:59+00:00","dateModified":"2026-01-29T10:59:18+00:00","mainEntityOfPage":{"@id":"https:\/\/info.onedoc.ch\/fr\/blog\/cabinet-independant\/cas-utilisateur-dr-med-l-gut-orl\/"},"wordCount":1249,"publisher":{"@id":"https:\/\/info.onedoc.ch\/fr\/#organization"},"image":{"@id":"https:\/\/info.onedoc.ch\/fr\/blog\/cabinet-independant\/cas-utilisateur-dr-med-l-gut-orl\/#primaryimage"},"thumbnailUrl":"https:\/\/info.onedoc.ch\/wp-content\/uploads\/2025\/06\/dr-daniela-gut-interview-onedoc-1.jpg","keywords":["Cas clients"],"articleSection":["Cabinet ind\u00e9pendant"],"inLanguage":"fr-CH"},{"@type":"WebPage","@id":"https:\/\/info.onedoc.ch\/fr\/blog\/cabinet-independant\/cas-utilisateur-dr-med-l-gut-orl\/","url":"https:\/\/info.onedoc.ch\/fr\/blog\/cabinet-independant\/cas-utilisateur-dr-med-l-gut-orl\/","name":"Cas utilisateur: Reprise d'un cabinet par l'ORL Dr. Med. Gut","isPartOf":{"@id":"https:\/\/info.onedoc.ch\/fr\/#website"},"primaryImageOfPage":{"@id":"https:\/\/info.onedoc.ch\/fr\/blog\/cabinet-independant\/cas-utilisateur-dr-med-l-gut-orl\/#primaryimage"},"image":{"@id":"https:\/\/info.onedoc.ch\/fr\/blog\/cabinet-independant\/cas-utilisateur-dr-med-l-gut-orl\/#primaryimage"},"thumbnailUrl":"https:\/\/info.onedoc.ch\/wp-content\/uploads\/2025\/06\/dr-daniela-gut-interview-onedoc-1.jpg","datePublished":"2025-06-27T14:25:59+00:00","dateModified":"2026-01-29T10:59:18+00:00","description":"La Dr. L. Gut revient sur ses d\u00e9buts d'ind\u00e9pendante et partage ses conseils pour les m\u00e9decins qui veulent cr\u00e9er ou reprendre un cabinet.","inLanguage":"fr-CH","potentialAction":[{"@type":"ReadAction","target":["https:\/\/info.onedoc.ch\/fr\/blog\/cabinet-independant\/cas-utilisateur-dr-med-l-gut-orl\/"]}]},{"@type":"ImageObject","inLanguage":"fr-CH","@id":"https:\/\/info.onedoc.ch\/fr\/blog\/cabinet-independant\/cas-utilisateur-dr-med-l-gut-orl\/#primaryimage","url":"https:\/\/info.onedoc.ch\/wp-content\/uploads\/2025\/06\/dr-daniela-gut-interview-onedoc-1.jpg","contentUrl":"https:\/\/info.onedoc.ch\/wp-content\/uploads\/2025\/06\/dr-daniela-gut-interview-onedoc-1.jpg","width":800,"height":532,"caption":"Ouvrir ou reprendre un cabinet m\u00e9dical implique de nombreuses t\u00e2ches suppl\u00e9mentaires. Dr. Gut explique comment elle y est parvenue."},{"@type":"WebSite","@id":"https:\/\/info.onedoc.ch\/fr\/#website","url":"https:\/\/info.onedoc.ch\/fr\/","name":"OneDoc Pro - Moins d\u2019administratif, plus de temps pour vos patients","description":"L&#039;alli\u00e9 des professionnels de sant\u00e9 suisses au quotidien","publisher":{"@id":"https:\/\/info.onedoc.ch\/fr\/#organization"},"alternateName":"OneDoc Pro","potentialAction":[{"@type":"SearchAction","target":{"@type":"EntryPoint","urlTemplate":"https:\/\/info.onedoc.ch\/fr\/?s={search_term_string}"},"query-input":{"@type":"PropertyValueSpecification","valueRequired":true,"valueName":"search_term_string"}}],"inLanguage":"fr-CH"},{"@type":"Organization","@id":"https:\/\/info.onedoc.ch\/fr\/#organization","name":"OneDoc","alternateName":"OneDoc.ch","url":"https:\/\/info.onedoc.ch\/fr\/","logo":{"@type":"ImageObject","inLanguage":"fr-CH","@id":"https:\/\/info.onedoc.ch\/fr\/#\/schema\/logo\/image\/","url":"https:\/\/info.onedoc.ch\/wp-content\/uploads\/2025\/06\/doki-logo.png","contentUrl":"https:\/\/info.onedoc.ch\/wp-content\/uploads\/2025\/06\/doki-logo.png","width":2134,"height":2134,"caption":"OneDoc"},"image":{"@id":"https:\/\/info.onedoc.ch\/fr\/#\/schema\/logo\/image\/"},"sameAs":["https:\/\/www.facebook.com\/onedoc.ch\/","https:\/\/x.com\/onedoc_ch","https:\/\/www.instagram.com\/onedoc.ch\/","https:\/\/www.linkedin.com\/company\/onedoc.ch\/","https:\/\/www.youtube.com\/channel\/UCWnlE63em_m8ZioBA5n8Z6w"],"description":"OneDoc est la plateforme leader en Suisse pour la r\u00e9servation de rendez-vous m\u00e9dicaux. Les patients peuvent rechercher des milliers de professionnels de la sant\u00e9 suisses (m\u00e9decins, dentistes et th\u00e9rapeutes) et r\u00e9server un rendez-vous sur place ou une consultation vid\u00e9o en quelques clics, 24 heures sur 24.","legalName":"OneDoc SA","foundingDate":"2016-12-31","numberOfEmployees":{"@type":"QuantitativeValue","minValue":"51","maxValue":"200"}},{"@type":"Person","@id":"https:\/\/info.onedoc.ch\/fr\/#\/schema\/person\/fa9ea006257198a701bc2d21cecbfe65","name":"Victoria Nover","image":{"@type":"ImageObject","inLanguage":"fr-CH","@id":"https:\/\/secure.gravatar.com\/avatar\/c0f865e62f53fe4c47715bcef8c2935789b3ffdea88f17952c4e53ef87d4e4b3?s=96&d=mm&r=g","url":"https:\/\/secure.gravatar.com\/avatar\/c0f865e62f53fe4c47715bcef8c2935789b3ffdea88f17952c4e53ef87d4e4b3?s=96&d=mm&r=g","contentUrl":"https:\/\/secure.gravatar.com\/avatar\/c0f865e62f53fe4c47715bcef8c2935789b3ffdea88f17952c4e53ef87d4e4b3?s=96&d=mm&r=g","caption":"Victoria Nover"}}]}},"_links":{"self":[{"href":"https:\/\/info.onedoc.ch\/fr\/wp-json\/wp\/v2\/posts\/13840","targetHints":{"allow":["GET"]}}],"collection":[{"href":"https:\/\/info.onedoc.ch\/fr\/wp-json\/wp\/v2\/posts"}],"about":[{"href":"https:\/\/info.onedoc.ch\/fr\/wp-json\/wp\/v2\/types\/post"}],"author":[{"embeddable":true,"href":"https:\/\/info.onedoc.ch\/fr\/wp-json\/wp\/v2\/users\/4"}],"replies":[{"embeddable":true,"href":"https:\/\/info.onedoc.ch\/fr\/wp-json\/wp\/v2\/comments?post=13840"}],"version-history":[{"count":11,"href":"https:\/\/info.onedoc.ch\/fr\/wp-json\/wp\/v2\/posts\/13840\/revisions"}],"predecessor-version":[{"id":35840,"href":"https:\/\/info.onedoc.ch\/fr\/wp-json\/wp\/v2\/posts\/13840\/revisions\/35840"}],"wp:featuredmedia":[{"embeddable":true,"href":"https:\/\/info.onedoc.ch\/fr\/wp-json\/wp\/v2\/media\/13841"}],"wp:attachment":[{"href":"https:\/\/info.onedoc.ch\/fr\/wp-json\/wp\/v2\/media?parent=13840"}],"wp:term":[{"taxonomy":"category","embeddable":true,"href":"https:\/\/info.onedoc.ch\/fr\/wp-json\/wp\/v2\/categories?post=13840"},{"taxonomy":"post_tag","embeddable":true,"href":"https:\/\/info.onedoc.ch\/fr\/wp-json\/wp\/v2\/tags?post=13840"}],"curies":[{"name":"wp","href":"https:\/\/api.w.org\/{rel}","templated":true}]}}