{"id":13810,"date":"2025-06-27T13:16:46","date_gmt":"2025-06-27T13:16:46","guid":{"rendered":"https:\/\/info.1doc.ch\/?p=13810"},"modified":"2025-11-05T16:16:30","modified_gmt":"2025-11-05T14:16:30","slug":"la-penurie-de-medecins-generalistes-est-enfin-terminee-presque","status":"publish","type":"post","link":"https:\/\/info.onedoc.ch\/fr\/blog\/medecins\/la-penurie-de-medecins-generalistes-est-enfin-terminee-presque\/","title":{"rendered":"La p\u00e9nurie de m\u00e9decins g\u00e9n\u00e9ralistes est enfin termin\u00e9e. Presque."},"content":{"rendered":"\n<p>Le spectre de la p\u00e9nurie de m\u00e9decins g\u00e9n\u00e9ralistes hante le syst\u00e8me de sant\u00e9 suisse depuis des ann\u00e9es, causant r\u00e9guli\u00e8rement de vives inqui\u00e9tudes tant chez les prestataires de soins que chez les patient\u00b7e\u00b7s. Toutefois, des d\u00e9veloppements r\u00e9cents laissent entrevoir des perspectives encourageantes qui pourraient combler cette lacune imminente dans la prise en charge m\u00e9dicale.<\/p>\n\n\n\n<h2 class=\"wp-block-heading\" id=\"heading-1\">Le pilier du syst\u00e8me de sant\u00e9 suisse<\/h2>\n\n\n\n<p>Les&nbsp;<a href=\"https:\/\/info.onedoc.ch\/fr\/specialite\/medecin-generaliste\/\" target=\"_blank\" rel=\"noreferrer noopener\">m\u00e9decins g\u00e9n\u00e9ralistes<\/a>&nbsp;et p\u00e9diatres repr\u00e9sentent la colonne vert\u00e9brale du syst\u00e8me de sant\u00e9 suisse, voire de la soci\u00e9t\u00e9 suisse dans son ensemble. Ils sont le premier point de contact pour 94 % des cas m\u00e9dicaux et r\u00e9solvent la grande majorit\u00e9 d\u2019entre eux. Pourtant, depuis des ann\u00e9es, leur nombre est insuffisant. Une grande partie des g\u00e9n\u00e9ralistes sont proches de la retraite, et il a longtemps manqu\u00e9 une rel\u00e8ve. Cependant, selon&nbsp;<a href=\"https:\/\/www.medecinsdefamille.ch\/communication\/news\/detail\/etude-workforce-sur-la-medecine-de-base-penurie-de-medecins-de-famille-mais-une-lueur-a-lhorizon\" target=\"_blank\" rel=\"noreferrer noopener\">l\u2019\u00e9tude \u201cWorkforce 2020\u201d sur les m\u00e9decins g\u00e9n\u00e9ralistes et p\u00e9diatres en Suisse<\/a>, la situation semble progressivement s\u2019am\u00e9liorer, avec un rajeunissement de cette profession. D\u2019ici 2040, cette tendance devrait significativement all\u00e9ger les tensions dans le syst\u00e8me de sant\u00e9.<\/p>\n\n\n\n<h2 class=\"wp-block-heading\" id=\"heading-2\">Comment la Suisse combat la p\u00e9nurie de m\u00e9decins g\u00e9n\u00e9ralistes gr\u00e2ce \u00e0 la jeune g\u00e9n\u00e9ration<\/h2>\n\n\n\n<p>La proportion de m\u00e9decins g\u00e9n\u00e9ralistes de moins de 50 ans n\u2019a cess\u00e9 d\u2019augmenter depuis 2010, passant de 25 % \u00e0 34 %. Trois facteurs principaux expliquent cette \u00e9volution&nbsp;:<\/p>\n\n\n\n<ol class=\"wp-block-list\">\n<li><strong>Plus de places d\u2019\u00e9tude<\/strong><\/li>\n\n\n\n<li><strong>Une plus grande attractivit\u00e9 du m\u00e9tier de g\u00e9n\u00e9raliste et de p\u00e9diatre<\/strong><\/li>\n\n\n\n<li><strong>De nouveaux mod\u00e8les de travail et de pratique plus flexibles<\/strong><\/li>\n<\/ol>\n\n\n\n<p>En 2019, les universit\u00e9s suisses ont dipl\u00f4m\u00e9 1\u2019089 \u00e9tudiants en m\u00e9decine humaine. Cependant, cela reste insuffisant. En effet, il faudrait environ 1\u2019000 m\u00e9decins suppl\u00e9mentaires sur une p\u00e9riode de 10 ans pour combler le d\u00e9ficit. Le gouvernement f\u00e9d\u00e9ral, les cantons et swissuniversities travaillent ensemble pour augmenter le nombre de places d\u2019\u00e9tude en m\u00e9decine \u00e0 1\u2019350 par an d\u2019ici 2025.<\/p>\n\n\n\n<blockquote class=\"wp-block-quote is-layout-flow wp-block-quote-is-layout-flow\">\n<p>L\u2019objectif global est \u00e0 la fois de renforcer la rel\u00e8ve m\u00e9dicale, de lutter contre la p\u00e9nurie de main-d\u2019\u0153uvre dans les professions de sant\u00e9 et de soutenir les soins de sant\u00e9 primaires et l\u2019interprofessionnalit\u00e9.<br><em>Extrait du&nbsp;<a href=\"https:\/\/www.swissuniversities.ch\/fileadmin\/swissuniversities\/Dokumente\/Hochschulpolitik\/Strategische_Planung\/Strategische_Planung_2021-2024_swu-D.pdf\" target=\"_blank\" rel=\"noreferrer noopener\">plan strat\u00e9gique 2021-2024 de swissuniversities<\/a>, p. 29.<\/em><\/p>\n<\/blockquote>\n\n\n\n<p>En 2016, le Conseil f\u00e9d\u00e9ral avait d\u00e9j\u00e0 fait de la promotion de la formation en m\u00e9decine humaine une priorit\u00e9 dans son message FRI (Formation, Recherche et Innovation) 2017-2020. Une enveloppe de 100 millions de francs a \u00e9t\u00e9 d\u00e9bloqu\u00e9e pour un financement sp\u00e9cial ax\u00e9 sur des projets sp\u00e9cifiques. Selon l\u2019\u00e9tude Workforce, les premiers r\u00e9sultats positifs commencent \u00e0 appara\u00eetre.<\/p>\n\n\n\n<p>Ces mesures politiques s\u2019accompagnent de changements dans les mod\u00e8les de travail. Les mod\u00e8les de temps partiel sont aujourd\u2019hui plus recherch\u00e9s que jamais, permettant une meilleure conciliation entre vie familiale et professionnelle. De plus,\u00a0<a href=\"https:\/\/info.onedoc.ch\/fr\/blog\/medecins\/cas-utilisateur-teleconsultation-medecine-generale\/\" target=\"_blank\" rel=\"noreferrer noopener\">la tendance \u00e0 la t\u00e9l\u00e9m\u00e9decine et aux consultations vid\u00e9o<\/a>\u00a0all\u00e8ge \u00e9galement la charge de travail des m\u00e9decins et augmente leur satisfaction.<\/p>\n\n\n\n<p>La situation reste donc \u00e9volutive, mais nous suivons avec optimisme les d\u00e9veloppements futurs&nbsp;!<\/p>\n","protected":false},"excerpt":{"rendered":"<p>Le spectre de la p\u00e9nurie de m\u00e9decins g\u00e9n\u00e9ralistes hante le syst\u00e8me de [&hellip;]<\/p>\n","protected":false},"author":4,"featured_media":12818,"comment_status":"closed","ping_status":"closed","sticky":false,"template":"","format":"standard","meta":{"footnotes":""},"categories":[77],"tags":[335],"class_list":["post-13810","post","type-post","status-publish","format-standard","has-post-thumbnail","hentry","category-medecins","tag-actualites"],"yoast_head":"<!-- This site is optimized with the Yoast SEO Premium plugin v27.2 (Yoast SEO v27.5) - https:\/\/yoast.com\/product\/yoast-seo-premium-wordpress\/ -->\n<title>La p\u00e9nurie de m\u00e9decins g\u00e9n\u00e9ralistes est-elle enfin termin\u00e9e?<\/title>\n<meta name=\"description\" content=\"Les m\u00e9decins generalistes sont une composante essentielle du syst\u00e8me de sant\u00e9 suisse. Y a-t-il suffisamment de rel\u00e8ve dans ce domaine?\" \/>\n<meta name=\"robots\" content=\"index, follow, max-snippet:-1, max-image-preview:large, max-video-preview:-1\" \/>\n<link rel=\"canonical\" href=\"https:\/\/info.onedoc.ch\/fr\/blog\/medecins\/la-penurie-de-medecins-generalistes-est-enfin-terminee-presque\/\" \/>\n<meta property=\"og:locale\" content=\"fr_FR\" \/>\n<meta property=\"og:type\" content=\"article\" \/>\n<meta property=\"og:title\" content=\"La p\u00e9nurie de m\u00e9decins g\u00e9n\u00e9ralistes est-elle enfin termin\u00e9e?\" \/>\n<meta property=\"og:description\" content=\"Les m\u00e9decins generalistes sont une composante essentielle du syst\u00e8me de sant\u00e9 suisse. Y a-t-il suffisamment de rel\u00e8ve dans ce domaine?\" \/>\n<meta property=\"og:url\" content=\"https:\/\/info.onedoc.ch\/fr\/blog\/medecins\/la-penurie-de-medecins-generalistes-est-enfin-terminee-presque\/\" \/>\n<meta property=\"og:site_name\" content=\"OneDoc Pro\" \/>\n<meta property=\"article:publisher\" content=\"https:\/\/www.facebook.com\/onedoc.ch\/\" \/>\n<meta property=\"article:published_time\" content=\"2025-06-27T13:16:46+00:00\" \/>\n<meta property=\"article:modified_time\" content=\"2025-11-05T14:16:30+00:00\" \/>\n<meta property=\"og:image\" content=\"https:\/\/info.onedoc.ch\/wp-content\/uploads\/2025\/06\/penurie-secretaires-centre-medicaux-conseils.jpg\" \/>\n\t<meta property=\"og:image:width\" content=\"700\" \/>\n\t<meta property=\"og:image:height\" content=\"394\" \/>\n\t<meta property=\"og:image:type\" content=\"image\/jpeg\" \/>\n<meta name=\"author\" content=\"Victoria Nover\" \/>\n<meta name=\"twitter:card\" content=\"summary_large_image\" \/>\n<meta name=\"twitter:title\" content=\"La p\u00e9nurie de m\u00e9decins g\u00e9n\u00e9ralistes est-elle enfin termin\u00e9e?\" \/>\n<meta name=\"twitter:description\" content=\"Les m\u00e9decins generalistes sont une composante essentielle du syst\u00e8me de sant\u00e9 suisse. Y a-t-il suffisamment de rel\u00e8ve dans ce domaine?\" \/>\n<meta name=\"twitter:creator\" content=\"@onedoc_ch\" \/>\n<meta name=\"twitter:site\" content=\"@onedoc_ch\" \/>\n<meta name=\"twitter:label1\" content=\"Written by\" \/>\n\t<meta name=\"twitter:data1\" content=\"Victoria Nover\" \/>\n\t<meta name=\"twitter:label2\" content=\"Est. reading time\" \/>\n\t<meta name=\"twitter:data2\" content=\"3 minutes\" \/>\n<script type=\"application\/ld+json\" class=\"yoast-schema-graph\">{\"@context\":\"https:\\\/\\\/schema.org\",\"@graph\":[{\"@type\":[\"Article\",\"BlogPosting\"],\"@id\":\"https:\\\/\\\/info.onedoc.ch\\\/fr\\\/blog\\\/medecins\\\/la-penurie-de-medecins-generalistes-est-enfin-terminee-presque\\\/#article\",\"isPartOf\":{\"@id\":\"https:\\\/\\\/info.onedoc.ch\\\/fr\\\/blog\\\/medecins\\\/la-penurie-de-medecins-generalistes-est-enfin-terminee-presque\\\/\"},\"author\":{\"name\":\"Victoria Nover\",\"@id\":\"https:\\\/\\\/info.onedoc.ch\\\/fr\\\/#\\\/schema\\\/person\\\/fa9ea006257198a701bc2d21cecbfe65\"},\"headline\":\"La p\u00e9nurie de m\u00e9decins g\u00e9n\u00e9ralistes est enfin termin\u00e9e. Presque.\",\"datePublished\":\"2025-06-27T13:16:46+00:00\",\"dateModified\":\"2025-11-05T14:16:30+00:00\",\"mainEntityOfPage\":{\"@id\":\"https:\\\/\\\/info.onedoc.ch\\\/fr\\\/blog\\\/medecins\\\/la-penurie-de-medecins-generalistes-est-enfin-terminee-presque\\\/\"},\"wordCount\":551,\"publisher\":{\"@id\":\"https:\\\/\\\/info.onedoc.ch\\\/fr\\\/#organization\"},\"image\":{\"@id\":\"https:\\\/\\\/info.onedoc.ch\\\/fr\\\/blog\\\/medecins\\\/la-penurie-de-medecins-generalistes-est-enfin-terminee-presque\\\/#primaryimage\"},\"thumbnailUrl\":\"https:\\\/\\\/info.onedoc.ch\\\/wp-content\\\/uploads\\\/2025\\\/06\\\/penurie-secretaires-centre-medicaux-conseils.jpg\",\"keywords\":[\"Actualit\u00e9s\"],\"articleSection\":[\"M\u00e9decins g\u00e9n\u00e9ralistes\"],\"inLanguage\":\"fr-CH\"},{\"@type\":\"WebPage\",\"@id\":\"https:\\\/\\\/info.onedoc.ch\\\/fr\\\/blog\\\/medecins\\\/la-penurie-de-medecins-generalistes-est-enfin-terminee-presque\\\/\",\"url\":\"https:\\\/\\\/info.onedoc.ch\\\/fr\\\/blog\\\/medecins\\\/la-penurie-de-medecins-generalistes-est-enfin-terminee-presque\\\/\",\"name\":\"La p\u00e9nurie de m\u00e9decins g\u00e9n\u00e9ralistes est-elle enfin termin\u00e9e?\",\"isPartOf\":{\"@id\":\"https:\\\/\\\/info.onedoc.ch\\\/fr\\\/#website\"},\"primaryImageOfPage\":{\"@id\":\"https:\\\/\\\/info.onedoc.ch\\\/fr\\\/blog\\\/medecins\\\/la-penurie-de-medecins-generalistes-est-enfin-terminee-presque\\\/#primaryimage\"},\"image\":{\"@id\":\"https:\\\/\\\/info.onedoc.ch\\\/fr\\\/blog\\\/medecins\\\/la-penurie-de-medecins-generalistes-est-enfin-terminee-presque\\\/#primaryimage\"},\"thumbnailUrl\":\"https:\\\/\\\/info.onedoc.ch\\\/wp-content\\\/uploads\\\/2025\\\/06\\\/penurie-secretaires-centre-medicaux-conseils.jpg\",\"datePublished\":\"2025-06-27T13:16:46+00:00\",\"dateModified\":\"2025-11-05T14:16:30+00:00\",\"description\":\"Les m\u00e9decins generalistes sont une composante essentielle du syst\u00e8me de sant\u00e9 suisse. Y a-t-il suffisamment de rel\u00e8ve dans ce domaine?\",\"inLanguage\":\"fr-CH\",\"potentialAction\":[{\"@type\":\"ReadAction\",\"target\":[\"https:\\\/\\\/info.onedoc.ch\\\/fr\\\/blog\\\/medecins\\\/la-penurie-de-medecins-generalistes-est-enfin-terminee-presque\\\/\"]}]},{\"@type\":\"ImageObject\",\"inLanguage\":\"fr-CH\",\"@id\":\"https:\\\/\\\/info.onedoc.ch\\\/fr\\\/blog\\\/medecins\\\/la-penurie-de-medecins-generalistes-est-enfin-terminee-presque\\\/#primaryimage\",\"url\":\"https:\\\/\\\/info.onedoc.ch\\\/wp-content\\\/uploads\\\/2025\\\/06\\\/penurie-secretaires-centre-medicaux-conseils.jpg\",\"contentUrl\":\"https:\\\/\\\/info.onedoc.ch\\\/wp-content\\\/uploads\\\/2025\\\/06\\\/penurie-secretaires-centre-medicaux-conseils.jpg\",\"width\":700,\"height\":394,\"caption\":\"3 conseils pour combattre la p\u00e9nurie de secr\u00e9taires dans les centre m\u00e9dicaux\"},{\"@type\":\"WebSite\",\"@id\":\"https:\\\/\\\/info.onedoc.ch\\\/fr\\\/#website\",\"url\":\"https:\\\/\\\/info.onedoc.ch\\\/fr\\\/\",\"name\":\"OneDoc Pro - Moins d\u2019administratif, plus de temps pour vos patients\",\"description\":\"L&#039;alli\u00e9 des professionnels de sant\u00e9 suisses au quotidien\",\"publisher\":{\"@id\":\"https:\\\/\\\/info.onedoc.ch\\\/fr\\\/#organization\"},\"alternateName\":\"OneDoc Pro\",\"potentialAction\":[{\"@type\":\"SearchAction\",\"target\":{\"@type\":\"EntryPoint\",\"urlTemplate\":\"https:\\\/\\\/info.onedoc.ch\\\/fr\\\/?s={search_term_string}\"},\"query-input\":{\"@type\":\"PropertyValueSpecification\",\"valueRequired\":true,\"valueName\":\"search_term_string\"}}],\"inLanguage\":\"fr-CH\"},{\"@type\":\"Organization\",\"@id\":\"https:\\\/\\\/info.onedoc.ch\\\/fr\\\/#organization\",\"name\":\"OneDoc\",\"alternateName\":\"OneDoc.ch\",\"url\":\"https:\\\/\\\/info.onedoc.ch\\\/fr\\\/\",\"logo\":{\"@type\":\"ImageObject\",\"inLanguage\":\"fr-CH\",\"@id\":\"https:\\\/\\\/info.onedoc.ch\\\/fr\\\/#\\\/schema\\\/logo\\\/image\\\/\",\"url\":\"https:\\\/\\\/info.onedoc.ch\\\/wp-content\\\/uploads\\\/2025\\\/06\\\/doki-logo.png\",\"contentUrl\":\"https:\\\/\\\/info.onedoc.ch\\\/wp-content\\\/uploads\\\/2025\\\/06\\\/doki-logo.png\",\"width\":2134,\"height\":2134,\"caption\":\"OneDoc\"},\"image\":{\"@id\":\"https:\\\/\\\/info.onedoc.ch\\\/fr\\\/#\\\/schema\\\/logo\\\/image\\\/\"},\"sameAs\":[\"https:\\\/\\\/www.facebook.com\\\/onedoc.ch\\\/\",\"https:\\\/\\\/x.com\\\/onedoc_ch\",\"https:\\\/\\\/www.instagram.com\\\/onedoc.ch\\\/\",\"https:\\\/\\\/www.linkedin.com\\\/company\\\/onedoc.ch\\\/\",\"https:\\\/\\\/www.youtube.com\\\/channel\\\/UCWnlE63em_m8ZioBA5n8Z6w\"],\"description\":\"OneDoc est la plateforme leader en Suisse pour la r\u00e9servation de rendez-vous m\u00e9dicaux. Les patients peuvent rechercher des milliers de professionnels de la sant\u00e9 suisses (m\u00e9decins, dentistes et th\u00e9rapeutes) et r\u00e9server un rendez-vous sur place ou une consultation vid\u00e9o en quelques clics, 24 heures sur 24.\",\"legalName\":\"OneDoc SA\",\"foundingDate\":\"2016-12-31\",\"numberOfEmployees\":{\"@type\":\"QuantitativeValue\",\"minValue\":\"51\",\"maxValue\":\"200\"}},{\"@type\":\"Person\",\"@id\":\"https:\\\/\\\/info.onedoc.ch\\\/fr\\\/#\\\/schema\\\/person\\\/fa9ea006257198a701bc2d21cecbfe65\",\"name\":\"Victoria Nover\",\"image\":{\"@type\":\"ImageObject\",\"inLanguage\":\"fr-CH\",\"@id\":\"https:\\\/\\\/secure.gravatar.com\\\/avatar\\\/c0f865e62f53fe4c47715bcef8c2935789b3ffdea88f17952c4e53ef87d4e4b3?s=96&d=mm&r=g\",\"url\":\"https:\\\/\\\/secure.gravatar.com\\\/avatar\\\/c0f865e62f53fe4c47715bcef8c2935789b3ffdea88f17952c4e53ef87d4e4b3?s=96&d=mm&r=g\",\"contentUrl\":\"https:\\\/\\\/secure.gravatar.com\\\/avatar\\\/c0f865e62f53fe4c47715bcef8c2935789b3ffdea88f17952c4e53ef87d4e4b3?s=96&d=mm&r=g\",\"caption\":\"Victoria Nover\"}}]}<\/script>\n<!-- \/ Yoast SEO Premium plugin. -->","yoast_head_json":{"title":"La p\u00e9nurie de m\u00e9decins g\u00e9n\u00e9ralistes est-elle enfin termin\u00e9e?","description":"Les m\u00e9decins generalistes sont une composante essentielle du syst\u00e8me de sant\u00e9 suisse. Y a-t-il suffisamment de rel\u00e8ve dans ce domaine?","robots":{"index":"index","follow":"follow","max-snippet":"max-snippet:-1","max-image-preview":"max-image-preview:large","max-video-preview":"max-video-preview:-1"},"canonical":"https:\/\/info.onedoc.ch\/fr\/blog\/medecins\/la-penurie-de-medecins-generalistes-est-enfin-terminee-presque\/","og_locale":"fr_FR","og_type":"article","og_title":"La p\u00e9nurie de m\u00e9decins g\u00e9n\u00e9ralistes est-elle enfin termin\u00e9e?","og_description":"Les m\u00e9decins generalistes sont une composante essentielle du syst\u00e8me de sant\u00e9 suisse. Y a-t-il suffisamment de rel\u00e8ve dans ce domaine?","og_url":"https:\/\/info.onedoc.ch\/fr\/blog\/medecins\/la-penurie-de-medecins-generalistes-est-enfin-terminee-presque\/","og_site_name":"OneDoc Pro","article_publisher":"https:\/\/www.facebook.com\/onedoc.ch\/","article_published_time":"2025-06-27T13:16:46+00:00","article_modified_time":"2025-11-05T14:16:30+00:00","og_image":[{"width":700,"height":394,"url":"https:\/\/info.onedoc.ch\/wp-content\/uploads\/2025\/06\/penurie-secretaires-centre-medicaux-conseils.jpg","type":"image\/jpeg"}],"author":"Victoria Nover","twitter_card":"summary_large_image","twitter_title":"La p\u00e9nurie de m\u00e9decins g\u00e9n\u00e9ralistes est-elle enfin termin\u00e9e?","twitter_description":"Les m\u00e9decins generalistes sont une composante essentielle du syst\u00e8me de sant\u00e9 suisse. Y a-t-il suffisamment de rel\u00e8ve dans ce domaine?","twitter_creator":"@onedoc_ch","twitter_site":"@onedoc_ch","twitter_misc":{"Written by":"Victoria Nover","Est. reading time":"3 minutes"},"schema":{"@context":"https:\/\/schema.org","@graph":[{"@type":["Article","BlogPosting"],"@id":"https:\/\/info.onedoc.ch\/fr\/blog\/medecins\/la-penurie-de-medecins-generalistes-est-enfin-terminee-presque\/#article","isPartOf":{"@id":"https:\/\/info.onedoc.ch\/fr\/blog\/medecins\/la-penurie-de-medecins-generalistes-est-enfin-terminee-presque\/"},"author":{"name":"Victoria Nover","@id":"https:\/\/info.onedoc.ch\/fr\/#\/schema\/person\/fa9ea006257198a701bc2d21cecbfe65"},"headline":"La p\u00e9nurie de m\u00e9decins g\u00e9n\u00e9ralistes est enfin termin\u00e9e. Presque.","datePublished":"2025-06-27T13:16:46+00:00","dateModified":"2025-11-05T14:16:30+00:00","mainEntityOfPage":{"@id":"https:\/\/info.onedoc.ch\/fr\/blog\/medecins\/la-penurie-de-medecins-generalistes-est-enfin-terminee-presque\/"},"wordCount":551,"publisher":{"@id":"https:\/\/info.onedoc.ch\/fr\/#organization"},"image":{"@id":"https:\/\/info.onedoc.ch\/fr\/blog\/medecins\/la-penurie-de-medecins-generalistes-est-enfin-terminee-presque\/#primaryimage"},"thumbnailUrl":"https:\/\/info.onedoc.ch\/wp-content\/uploads\/2025\/06\/penurie-secretaires-centre-medicaux-conseils.jpg","keywords":["Actualit\u00e9s"],"articleSection":["M\u00e9decins g\u00e9n\u00e9ralistes"],"inLanguage":"fr-CH"},{"@type":"WebPage","@id":"https:\/\/info.onedoc.ch\/fr\/blog\/medecins\/la-penurie-de-medecins-generalistes-est-enfin-terminee-presque\/","url":"https:\/\/info.onedoc.ch\/fr\/blog\/medecins\/la-penurie-de-medecins-generalistes-est-enfin-terminee-presque\/","name":"La p\u00e9nurie de m\u00e9decins g\u00e9n\u00e9ralistes est-elle enfin termin\u00e9e?","isPartOf":{"@id":"https:\/\/info.onedoc.ch\/fr\/#website"},"primaryImageOfPage":{"@id":"https:\/\/info.onedoc.ch\/fr\/blog\/medecins\/la-penurie-de-medecins-generalistes-est-enfin-terminee-presque\/#primaryimage"},"image":{"@id":"https:\/\/info.onedoc.ch\/fr\/blog\/medecins\/la-penurie-de-medecins-generalistes-est-enfin-terminee-presque\/#primaryimage"},"thumbnailUrl":"https:\/\/info.onedoc.ch\/wp-content\/uploads\/2025\/06\/penurie-secretaires-centre-medicaux-conseils.jpg","datePublished":"2025-06-27T13:16:46+00:00","dateModified":"2025-11-05T14:16:30+00:00","description":"Les m\u00e9decins generalistes sont une composante essentielle du syst\u00e8me de sant\u00e9 suisse. Y a-t-il suffisamment de rel\u00e8ve dans ce domaine?","inLanguage":"fr-CH","potentialAction":[{"@type":"ReadAction","target":["https:\/\/info.onedoc.ch\/fr\/blog\/medecins\/la-penurie-de-medecins-generalistes-est-enfin-terminee-presque\/"]}]},{"@type":"ImageObject","inLanguage":"fr-CH","@id":"https:\/\/info.onedoc.ch\/fr\/blog\/medecins\/la-penurie-de-medecins-generalistes-est-enfin-terminee-presque\/#primaryimage","url":"https:\/\/info.onedoc.ch\/wp-content\/uploads\/2025\/06\/penurie-secretaires-centre-medicaux-conseils.jpg","contentUrl":"https:\/\/info.onedoc.ch\/wp-content\/uploads\/2025\/06\/penurie-secretaires-centre-medicaux-conseils.jpg","width":700,"height":394,"caption":"3 conseils pour combattre la p\u00e9nurie de secr\u00e9taires dans les centre m\u00e9dicaux"},{"@type":"WebSite","@id":"https:\/\/info.onedoc.ch\/fr\/#website","url":"https:\/\/info.onedoc.ch\/fr\/","name":"OneDoc Pro - Moins d\u2019administratif, plus de temps pour vos patients","description":"L&#039;alli\u00e9 des professionnels de sant\u00e9 suisses au quotidien","publisher":{"@id":"https:\/\/info.onedoc.ch\/fr\/#organization"},"alternateName":"OneDoc Pro","potentialAction":[{"@type":"SearchAction","target":{"@type":"EntryPoint","urlTemplate":"https:\/\/info.onedoc.ch\/fr\/?s={search_term_string}"},"query-input":{"@type":"PropertyValueSpecification","valueRequired":true,"valueName":"search_term_string"}}],"inLanguage":"fr-CH"},{"@type":"Organization","@id":"https:\/\/info.onedoc.ch\/fr\/#organization","name":"OneDoc","alternateName":"OneDoc.ch","url":"https:\/\/info.onedoc.ch\/fr\/","logo":{"@type":"ImageObject","inLanguage":"fr-CH","@id":"https:\/\/info.onedoc.ch\/fr\/#\/schema\/logo\/image\/","url":"https:\/\/info.onedoc.ch\/wp-content\/uploads\/2025\/06\/doki-logo.png","contentUrl":"https:\/\/info.onedoc.ch\/wp-content\/uploads\/2025\/06\/doki-logo.png","width":2134,"height":2134,"caption":"OneDoc"},"image":{"@id":"https:\/\/info.onedoc.ch\/fr\/#\/schema\/logo\/image\/"},"sameAs":["https:\/\/www.facebook.com\/onedoc.ch\/","https:\/\/x.com\/onedoc_ch","https:\/\/www.instagram.com\/onedoc.ch\/","https:\/\/www.linkedin.com\/company\/onedoc.ch\/","https:\/\/www.youtube.com\/channel\/UCWnlE63em_m8ZioBA5n8Z6w"],"description":"OneDoc est la plateforme leader en Suisse pour la r\u00e9servation de rendez-vous m\u00e9dicaux. Les patients peuvent rechercher des milliers de professionnels de la sant\u00e9 suisses (m\u00e9decins, dentistes et th\u00e9rapeutes) et r\u00e9server un rendez-vous sur place ou une consultation vid\u00e9o en quelques clics, 24 heures sur 24.","legalName":"OneDoc SA","foundingDate":"2016-12-31","numberOfEmployees":{"@type":"QuantitativeValue","minValue":"51","maxValue":"200"}},{"@type":"Person","@id":"https:\/\/info.onedoc.ch\/fr\/#\/schema\/person\/fa9ea006257198a701bc2d21cecbfe65","name":"Victoria Nover","image":{"@type":"ImageObject","inLanguage":"fr-CH","@id":"https:\/\/secure.gravatar.com\/avatar\/c0f865e62f53fe4c47715bcef8c2935789b3ffdea88f17952c4e53ef87d4e4b3?s=96&d=mm&r=g","url":"https:\/\/secure.gravatar.com\/avatar\/c0f865e62f53fe4c47715bcef8c2935789b3ffdea88f17952c4e53ef87d4e4b3?s=96&d=mm&r=g","contentUrl":"https:\/\/secure.gravatar.com\/avatar\/c0f865e62f53fe4c47715bcef8c2935789b3ffdea88f17952c4e53ef87d4e4b3?s=96&d=mm&r=g","caption":"Victoria Nover"}}]}},"_links":{"self":[{"href":"https:\/\/info.onedoc.ch\/fr\/wp-json\/wp\/v2\/posts\/13810","targetHints":{"allow":["GET"]}}],"collection":[{"href":"https:\/\/info.onedoc.ch\/fr\/wp-json\/wp\/v2\/posts"}],"about":[{"href":"https:\/\/info.onedoc.ch\/fr\/wp-json\/wp\/v2\/types\/post"}],"author":[{"embeddable":true,"href":"https:\/\/info.onedoc.ch\/fr\/wp-json\/wp\/v2\/users\/4"}],"replies":[{"embeddable":true,"href":"https:\/\/info.onedoc.ch\/fr\/wp-json\/wp\/v2\/comments?post=13810"}],"version-history":[{"count":4,"href":"https:\/\/info.onedoc.ch\/fr\/wp-json\/wp\/v2\/posts\/13810\/revisions"}],"predecessor-version":[{"id":31633,"href":"https:\/\/info.onedoc.ch\/fr\/wp-json\/wp\/v2\/posts\/13810\/revisions\/31633"}],"wp:featuredmedia":[{"embeddable":true,"href":"https:\/\/info.onedoc.ch\/fr\/wp-json\/wp\/v2\/media\/12818"}],"wp:attachment":[{"href":"https:\/\/info.onedoc.ch\/fr\/wp-json\/wp\/v2\/media?parent=13810"}],"wp:term":[{"taxonomy":"category","embeddable":true,"href":"https:\/\/info.onedoc.ch\/fr\/wp-json\/wp\/v2\/categories?post=13810"},{"taxonomy":"post_tag","embeddable":true,"href":"https:\/\/info.onedoc.ch\/fr\/wp-json\/wp\/v2\/tags?post=13810"}],"curies":[{"name":"wp","href":"https:\/\/api.w.org\/{rel}","templated":true}]}}