{"id":12480,"date":"2025-06-23T12:13:32","date_gmt":"2025-06-23T12:13:32","guid":{"rendered":"https:\/\/info.1doc.ch\/?p=12480"},"modified":"2025-11-05T16:37:31","modified_gmt":"2025-11-05T14:37:31","slug":"burnout-professionnels-sante-epuisement","status":"publish","type":"post","link":"https:\/\/info.onedoc.ch\/fr\/blog\/toutes-les-specialites\/burnout-professionnels-sante-epuisement\/","title":{"rendered":"Burnout chez les professionnels de sant\u00e9: Comment pr\u00e9venir l\u2019\u00e9puisement professionnel"},"content":{"rendered":"\n<p>Le burnout est souvent un sujet tabou chez les professionnelles et professionnels de sant\u00e9. Pourtant, en tant que&nbsp;<a href=\"https:\/\/info.onedoc.ch\/fr\/specialite\/medecin-generaliste\/\">m\u00e9decins g\u00e9n\u00e9ralistes<\/a>,&nbsp;<a href=\"https:\/\/info.onedoc.ch\/fr\/specialite\/therapeute\/\">th\u00e9rapeutes<\/a>&nbsp;ou&nbsp;<a href=\"https:\/\/info.onedoc.ch\/fr\/specialite\/specialiste\/\">autres soignantes ou soignants,<\/a>&nbsp;vous \u00eates chaque jour confront\u00e9s \u00e0 une forte pression, entre le volume de travail \u00e9lev\u00e9 et les s responsabilit\u00e9s cruciales. R\u00e9sultat\u202f? Un \u00e9puisement professionnel qui touche jusqu\u2019\u00e0 30\u202f% des g\u00e9n\u00e9ralistes d\u2019apr\u00e8s une \u00e9tude de l\u2019universit\u00e9 de Gen\u00e8ve!<\/p>\n\n\n\n<p>Dans cet article, nous allons explorer la probl\u00e9matique du burnout pour les professionnelles et professionnels de sant\u00e9 et vous proposer des solutions concr\u00e8tes pour pr\u00e9venir et combattre l\u2019\u00e9puisement professionnel.<\/p>\n\n\n\n<h2 class=\"wp-block-heading\" id=\"heading-1\">Le burnout chez les professionnels de sant\u00e9, une r\u00e9alit\u00e9 souvent n\u00e9glig\u00e9e<\/h2>\n\n\n\n<p>Chez les professionneles et professionnels de sant\u00e9, le burnout (ou syndrome d\u2019\u00e9puisement professionnel en bon fran\u00e7ais) est un sujet tabou, mais bien pr\u00e9sent. Les raisons de cette forte pr\u00e9valence sont notamment des journ\u00e9es de travail longues, des responsabilit\u00e9s lourdes et une pression constante pour fournir des soins de haute qualit\u00e9. De plus, le travail administratif du personnel de sant\u00e9 s\u2019est alourdi d\u2019environ 25 minutes ces 10 derni\u00e8res ann\u00e9es pour un total allant jusqu\u2019\u00e0 2h 30 par jour! La situation ne semble par ailleurs pas s\u2019am\u00e9liorer avec une&nbsp;<a href=\"https:\/\/info.onedoc.ch\/fr\/blog\/toutes-les-specialites\/penurie-de-secretaires-dans-les-centre-medicaux-gagnez-du-temps-administratif-avec-ces-3-conseils\/\">p\u00e9nurie de personnel m\u00e9dical dans les centres m\u00e9dicaux<\/a>.<\/p>\n\n\n\n<h2 class=\"wp-block-heading\" id=\"heading-2\">Pourquoi ce tabou\u202fdu burnout chez les professionnels de sant\u00e9?<\/h2>\n\n\n\n<ul class=\"wp-block-list\">\n<li><strong>Responsabilit\u00e9s lourdes:<\/strong>&nbsp;G\u00e9rer des patients, remplir des formalit\u00e9s administratives et se tenir constamment \u00e0 jour m\u00e9dicalement laissent peu de place pour soi.<\/li>\n\n\n\n<li><strong>Manque de ressources:<\/strong>&nbsp;Avec la p\u00e9nurie de personnel m\u00e9dical dans certains centres, la pression ne fait qu\u2019augmenter, provoquant un stress accru chez celles et ceux qui restent.<\/li>\n\n\n\n<li><strong>Croyance d\u2019invuln\u00e9rabilit\u00e9:<\/strong>&nbsp;Vous avez peut-\u00eatre l\u2019impression de devoir \u00eatre \u00ab\u202finfaillibles\u202f\u00bb en tant que professionnels de sant\u00e9, ce qui peut vous dissuader de parler du burnout.<\/li>\n<\/ul>\n\n\n\n<h3 class=\"wp-block-heading\" id=\"h-\"><\/h3>\n\n\n\n<h2 class=\"wp-block-heading\" id=\"heading-3\">Quels sont les statistiques du burnout chez les professionnels de sant\u00e9?<\/h2>\n\n\n\n<p>D\u2019apr\u00e8s le Job Stress Index 2022, 30,3\u202f% des personnes actives en Suisse se disent \u00e9puis\u00e9es \u00e9motionnellement, tandis que 17\u202f% ont d\u00e9j\u00e0 fait un burnout. Pour les professionnels de sant\u00e9, ces chiffres sont encore plus \u00e9lev\u00e9s\u202f:<\/p>\n\n\n\n<ul class=\"wp-block-list\">\n<li>33\u202f% des m\u00e9decins se sentent parfois au bout du rouleau, au point de penser \u00ab\u202fje n\u2019en peux plus\u202f\u00bb.<\/li>\n\n\n\n<li>Entre 20 et 40\u202f% du personnel m\u00e9dical pr\u00e9sente des signes de burnout.<\/li>\n<\/ul>\n\n\n\n<p>Ces donn\u00e9es soulignent l\u2019importance de la pr\u00e9vention et d\u2019outils concrets pour r\u00e9duire la charge mentale et administrative.<\/p>\n\n\n\n<h2 class=\"wp-block-heading\" id=\"heading-4\">Quelles sont les solutions pour lutter contre le burnout chez les professionnels de sant\u00e9?<\/h2>\n\n\n\n<h3 class=\"wp-block-heading\">Importance des vacances pour d\u00e9connecter et \u00e9viter le burnout<\/h3>\n\n\n\n<p>Les vacances ne sont pas que pour les patientes et patients! Elles sont un bon moyen de r\u00e9duire la charge mentale du travail, \u00e0 condition de vraiment d\u00e9connecter!<\/p>\n\n\n\n<p>Nous savons que ce n\u2019est pas toujours facile en tant que professionnelle ou professionnel de sant\u00e9, mais prendre des vacances est une solution simple et efficace pour pr\u00e9venir et traiter le burnout. Elles vous permettent de:<\/p>\n\n\n\n<ul class=\"wp-block-list\">\n<li>Repos mental : Se ressourcer pour \u00e9viter l\u2019accumulation de stress.<\/li>\n\n\n\n<li>Pr\u00e9vention du burn out : R\u00e9duire le risque d\u2019arriver \u00e0 un point de rupture.<\/li>\n\n\n\n<li>R\u00e9duction de la charge administrative : Profiter d\u2019un temps calme, surtout si la pr\u00e9paration des vacances est facilit\u00e9e (checklist, d\u00e9l\u00e9gation des t\u00e2ches, etc.).<\/li>\n<\/ul>\n\n\n\n<p>Astuce:&nbsp;Pour que la pr\u00e9paration de vos vacances ne soit pas une source de stress en soi, nous vous avons \u00e9galement pr\u00e9par\u00e9 une&nbsp;<a href=\"https:\/\/info.onedoc.ch\/fr\/blog\/toutes-les-specialites\/comment-bien-preparer-ses-vacances-en-tant-que-professionnel-de-sante\/\">checklist des pour bien pr\u00e9parer vos vacances<\/a>!<\/p>\n\n\n\n<h3 class=\"wp-block-heading\">Solutions modernes pour \u00e9viter le burnour<\/h3>\n\n\n\n<p>Si vous \u00eates m\u00e9decin, des \u00e9quipements modernes peuvent vous aider \u00e0 am\u00e9liorer l\u2019efficacit\u00e9 et r\u00e9duire votre charge de travail. Des outils digitaux tels que le\u00a0dossier \u00e9lectronique du patient, des\u00a0<a href=\"https:\/\/info.onedoc.ch\/fr\/passerelles\/\">logiciels de gestion de cabinet synchronis\u00e9s<\/a>\u00a0permettent \u00e9galement d\u2019automatiser des t\u00e2ches r\u00e9barbatives et de gagner du temps au quotidien.<\/p>\n\n\n\n<p>Si vous \u00eates th\u00e9rapeute, vous pouvez par exemple profiter de logiciels de gestion sur mesures. Nous vous conseillons de choisir un logiciel proposant la&nbsp;<a href=\"https:\/\/info.onedoc.ch\/fr\/invoice\/tarif-590\/\">facturation au Tarif 590<\/a>, pour cr\u00e9er des factures en quelques clics.<\/p>\n\n\n\n<h3 class=\"wp-block-heading\">Prise de rendez-vous en ligne<\/h3>\n\n\n\n<p>La&nbsp;<a href=\"https:\/\/info.onedoc.ch\/fr\/hub\/prise-de-rdv-en-ligne\/\" target=\"_blank\" rel=\"noreferrer noopener\">prise de rendez-vous en ligne<\/a>&nbsp;est une autre solution efficace. Elle permet \u00e0 votre patient\u00e8le de prendre rendez-vous en ligne 24\/7. Vous r\u00e9duisez ainsi durablement la charge administrative li\u00e9e aux appels t\u00e9l\u00e9phoniques et aux r\u00e9servations et gestion de rendez-vous. Ce syst\u00e8me am\u00e9liore \u00e9galement la satisfaction des patientes et des patients en offrant plus de flexibilit\u00e9.<\/p>\n\n\n\n<h3 class=\"wp-block-heading\">Rappels de SMS<\/h3>\n\n\n\n<p>Les&nbsp;<a href=\"https:\/\/info.onedoc.ch\/fr\/hub\/prise-de-rdv-en-ligne\/\">rappels de rendez-vous automatis\u00e9s par SMS<\/a>&nbsp;peuvent r\u00e9duire la charge administrative et le stress associ\u00e9s \u00e0 la gestion des rendez-vous. En envoyant des rappels automatiques aux patientes et patients, vous simplifiez la gestion des rendez-vous sans vous rajouter du travail. De plus, vous \u00e9vitez les no-shows et les retards dans les rendez-vous.<\/p>\n\n\n\n<h2 class=\"wp-block-heading\" id=\"heading-5\">Plus de temps pour vous, moins de risque de burnout<\/h2>\n\n\n\n<p>Le burnout chez le personnel m\u00e9dical et les th\u00e9rapeutes est une probl\u00e9matique s\u00e9rieuse qui a des r\u00e9percussions concr\u00e8tes en Suisse. Prendre des vacances et adopter des outils digitaux modernes sont des solutions pour simplifier votre travail et ainsi gagner un meilleur \u00e9quilibre entre vie professionnelle et priv\u00e9e. En mettant en \u0153uvre ces strat\u00e9gies, vous pouvez, en tant que professionnelle ou professionnel de sant\u00e9, non seulement pr\u00e9venir et traiter les burnouts, mais \u00e9galement offrir des soins de meilleure qualit\u00e9 \u00e0 vous patientes et patients.<\/p>\n\n\n\n<h3 class=\"wp-block-heading\">Sources<\/h3>\n\n\n\n<ul class=\"wp-block-list\">\n<li>Burnout chez les m\u00e9decins \u2013 parlons-en : concepts, d\u00e9pistage et que faire ? \u2013 N. Bajwa, Universit\u00e9 de Gen\u00e8ve Facult\u00e9 de M\u00e9decine, HUG, R. Bonvin, Universit\u00e9 de Fribourg, H. Richard-Lepouriel, HUG, A. Zyska, ASMAC<\/li>\n\n\n\n<li>Is Switzerland becoming the \u2018burn-out nation\u2019? \u2013 Samanta Siegfried, SwissinfoJob-Stress-Index 2022 \u2013 Gesudheitsforderung Schweiz<\/li>\n\n\n\n<li>M\u00e9decins au bord de la crise de nerfs \u2013 La Tribune de Gen\u00e8ve<\/li>\n\n\n\n<li>Unisant\u00e9 lance une vaste \u00e9tude nationale pour am\u00e9liorer la prise en charge du burnout professionnel \u2013 Unisant\u00e9<\/li>\n<\/ul>\n","protected":false},"excerpt":{"rendered":"<p>Le burnout est souvent un sujet tabou chez les professionnelles et professionnels [&hellip;]<\/p>\n","protected":false},"author":4,"featured_media":12481,"comment_status":"closed","ping_status":"closed","sticky":false,"template":"","format":"standard","meta":{"footnotes":""},"categories":[230],"tags":[343],"class_list":["post-12480","post","type-post","status-publish","format-standard","has-post-thumbnail","hentry","category-toutes-les-specialites","tag-personnel"],"yoast_head":"<!-- This site is optimized with the Yoast SEO Premium plugin v27.2 (Yoast SEO v27.5) - https:\/\/yoast.com\/product\/yoast-seo-premium-wordpress\/ -->\n<title>Burnout chez les professionnels de sant\u00e9, les solutions concr\u00e8tes!<\/title>\n<meta name=\"description\" content=\"20 \u00e0 40% des professionnels de sant\u00e9 montrent des signes de burnout. D\u00e9couvrez les solutions concr\u00e8tes pour le combattre efficacement.\" \/>\n<meta name=\"robots\" content=\"index, follow, max-snippet:-1, max-image-preview:large, max-video-preview:-1\" \/>\n<link rel=\"canonical\" href=\"https:\/\/info.onedoc.ch\/fr\/blog\/toutes-les-specialites\/burnout-professionnels-sante-epuisement\/\" \/>\n<meta property=\"og:locale\" content=\"fr_FR\" \/>\n<meta property=\"og:type\" content=\"article\" \/>\n<meta property=\"og:title\" content=\"Burnout chez les professionnels de sant\u00e9, les solutions concr\u00e8tes!\" \/>\n<meta property=\"og:description\" content=\"20 \u00e0 40% des professionnels de sant\u00e9 montrent des signes de burnout. D\u00e9couvrez les solutions concr\u00e8tes pour le combattre efficacement.\" \/>\n<meta property=\"og:url\" content=\"https:\/\/info.onedoc.ch\/fr\/blog\/toutes-les-specialites\/burnout-professionnels-sante-epuisement\/\" \/>\n<meta property=\"og:site_name\" content=\"OneDoc Pro\" \/>\n<meta property=\"article:publisher\" content=\"https:\/\/www.facebook.com\/onedoc.ch\/\" \/>\n<meta property=\"article:published_time\" content=\"2025-06-23T12:13:32+00:00\" \/>\n<meta property=\"article:modified_time\" content=\"2025-11-05T14:37:31+00:00\" \/>\n<meta property=\"og:image\" content=\"https:\/\/info.onedoc.ch\/wp-content\/uploads\/2025\/06\/burnout-professionnel-sante.jpg\" \/>\n\t<meta property=\"og:image:width\" content=\"700\" \/>\n\t<meta property=\"og:image:height\" content=\"394\" \/>\n\t<meta property=\"og:image:type\" content=\"image\/jpeg\" \/>\n<meta name=\"author\" content=\"Victoria Nover\" \/>\n<meta name=\"twitter:card\" content=\"summary_large_image\" \/>\n<meta name=\"twitter:title\" content=\"Burnout chez les professionnels de sant\u00e9, les solutions concr\u00e8tes!\" \/>\n<meta name=\"twitter:description\" content=\"20 \u00e0 40% des professionnels de sant\u00e9 montrent des signes de burnout. D\u00e9couvrez les solutions concr\u00e8tes pour le combattre efficacement.\" \/>\n<meta name=\"twitter:creator\" content=\"@onedoc_ch\" \/>\n<meta name=\"twitter:site\" content=\"@onedoc_ch\" \/>\n<meta name=\"twitter:label1\" content=\"Written by\" \/>\n\t<meta name=\"twitter:data1\" content=\"Victoria Nover\" \/>\n\t<meta name=\"twitter:label2\" content=\"Est. reading time\" \/>\n\t<meta name=\"twitter:data2\" content=\"5 minutes\" \/>\n<script type=\"application\/ld+json\" class=\"yoast-schema-graph\">{\"@context\":\"https:\\\/\\\/schema.org\",\"@graph\":[{\"@type\":[\"Article\",\"BlogPosting\"],\"@id\":\"https:\\\/\\\/info.onedoc.ch\\\/fr\\\/blog\\\/toutes-les-specialites\\\/burnout-professionnels-sante-epuisement\\\/#article\",\"isPartOf\":{\"@id\":\"https:\\\/\\\/info.onedoc.ch\\\/fr\\\/blog\\\/toutes-les-specialites\\\/burnout-professionnels-sante-epuisement\\\/\"},\"author\":{\"name\":\"Victoria Nover\",\"@id\":\"https:\\\/\\\/info.onedoc.ch\\\/fr\\\/#\\\/schema\\\/person\\\/fa9ea006257198a701bc2d21cecbfe65\"},\"headline\":\"Burnout chez les professionnels de sant\u00e9: Comment pr\u00e9venir l\u2019\u00e9puisement professionnel\",\"datePublished\":\"2025-06-23T12:13:32+00:00\",\"dateModified\":\"2025-11-05T14:37:31+00:00\",\"mainEntityOfPage\":{\"@id\":\"https:\\\/\\\/info.onedoc.ch\\\/fr\\\/blog\\\/toutes-les-specialites\\\/burnout-professionnels-sante-epuisement\\\/\"},\"wordCount\":1030,\"publisher\":{\"@id\":\"https:\\\/\\\/info.onedoc.ch\\\/fr\\\/#organization\"},\"image\":{\"@id\":\"https:\\\/\\\/info.onedoc.ch\\\/fr\\\/blog\\\/toutes-les-specialites\\\/burnout-professionnels-sante-epuisement\\\/#primaryimage\"},\"thumbnailUrl\":\"https:\\\/\\\/info.onedoc.ch\\\/wp-content\\\/uploads\\\/2025\\\/06\\\/burnout-professionnel-sante.jpg\",\"keywords\":[\"Personnel\"],\"articleSection\":[\"Toutes les sp\u00e9cialit\u00e9s\"],\"inLanguage\":\"fr-CH\"},{\"@type\":\"WebPage\",\"@id\":\"https:\\\/\\\/info.onedoc.ch\\\/fr\\\/blog\\\/toutes-les-specialites\\\/burnout-professionnels-sante-epuisement\\\/\",\"url\":\"https:\\\/\\\/info.onedoc.ch\\\/fr\\\/blog\\\/toutes-les-specialites\\\/burnout-professionnels-sante-epuisement\\\/\",\"name\":\"Burnout chez les professionnels de sant\u00e9, les solutions concr\u00e8tes!\",\"isPartOf\":{\"@id\":\"https:\\\/\\\/info.onedoc.ch\\\/fr\\\/#website\"},\"primaryImageOfPage\":{\"@id\":\"https:\\\/\\\/info.onedoc.ch\\\/fr\\\/blog\\\/toutes-les-specialites\\\/burnout-professionnels-sante-epuisement\\\/#primaryimage\"},\"image\":{\"@id\":\"https:\\\/\\\/info.onedoc.ch\\\/fr\\\/blog\\\/toutes-les-specialites\\\/burnout-professionnels-sante-epuisement\\\/#primaryimage\"},\"thumbnailUrl\":\"https:\\\/\\\/info.onedoc.ch\\\/wp-content\\\/uploads\\\/2025\\\/06\\\/burnout-professionnel-sante.jpg\",\"datePublished\":\"2025-06-23T12:13:32+00:00\",\"dateModified\":\"2025-11-05T14:37:31+00:00\",\"description\":\"20 \u00e0 40% des professionnels de sant\u00e9 montrent des signes de burnout. D\u00e9couvrez les solutions concr\u00e8tes pour le combattre efficacement.\",\"inLanguage\":\"fr-CH\",\"potentialAction\":[{\"@type\":\"ReadAction\",\"target\":[\"https:\\\/\\\/info.onedoc.ch\\\/fr\\\/blog\\\/toutes-les-specialites\\\/burnout-professionnels-sante-epuisement\\\/\"]}]},{\"@type\":\"ImageObject\",\"inLanguage\":\"fr-CH\",\"@id\":\"https:\\\/\\\/info.onedoc.ch\\\/fr\\\/blog\\\/toutes-les-specialites\\\/burnout-professionnels-sante-epuisement\\\/#primaryimage\",\"url\":\"https:\\\/\\\/info.onedoc.ch\\\/wp-content\\\/uploads\\\/2025\\\/06\\\/burnout-professionnel-sante.jpg\",\"contentUrl\":\"https:\\\/\\\/info.onedoc.ch\\\/wp-content\\\/uploads\\\/2025\\\/06\\\/burnout-professionnel-sante.jpg\",\"width\":700,\"height\":394,\"caption\":\"young female doctor wearing medical robe and stethoscope sitting at desk with medical tools looking at camera covering mouth with hands isolated on white background\"},{\"@type\":\"WebSite\",\"@id\":\"https:\\\/\\\/info.onedoc.ch\\\/fr\\\/#website\",\"url\":\"https:\\\/\\\/info.onedoc.ch\\\/fr\\\/\",\"name\":\"OneDoc Pro - Moins d\u2019administratif, plus de temps pour vos patients\",\"description\":\"L&#039;alli\u00e9 des professionnels de sant\u00e9 suisses au quotidien\",\"publisher\":{\"@id\":\"https:\\\/\\\/info.onedoc.ch\\\/fr\\\/#organization\"},\"alternateName\":\"OneDoc Pro\",\"potentialAction\":[{\"@type\":\"SearchAction\",\"target\":{\"@type\":\"EntryPoint\",\"urlTemplate\":\"https:\\\/\\\/info.onedoc.ch\\\/fr\\\/?s={search_term_string}\"},\"query-input\":{\"@type\":\"PropertyValueSpecification\",\"valueRequired\":true,\"valueName\":\"search_term_string\"}}],\"inLanguage\":\"fr-CH\"},{\"@type\":\"Organization\",\"@id\":\"https:\\\/\\\/info.onedoc.ch\\\/fr\\\/#organization\",\"name\":\"OneDoc\",\"alternateName\":\"OneDoc.ch\",\"url\":\"https:\\\/\\\/info.onedoc.ch\\\/fr\\\/\",\"logo\":{\"@type\":\"ImageObject\",\"inLanguage\":\"fr-CH\",\"@id\":\"https:\\\/\\\/info.onedoc.ch\\\/fr\\\/#\\\/schema\\\/logo\\\/image\\\/\",\"url\":\"https:\\\/\\\/info.onedoc.ch\\\/wp-content\\\/uploads\\\/2025\\\/06\\\/doki-logo.png\",\"contentUrl\":\"https:\\\/\\\/info.onedoc.ch\\\/wp-content\\\/uploads\\\/2025\\\/06\\\/doki-logo.png\",\"width\":2134,\"height\":2134,\"caption\":\"OneDoc\"},\"image\":{\"@id\":\"https:\\\/\\\/info.onedoc.ch\\\/fr\\\/#\\\/schema\\\/logo\\\/image\\\/\"},\"sameAs\":[\"https:\\\/\\\/www.facebook.com\\\/onedoc.ch\\\/\",\"https:\\\/\\\/x.com\\\/onedoc_ch\",\"https:\\\/\\\/www.instagram.com\\\/onedoc.ch\\\/\",\"https:\\\/\\\/www.linkedin.com\\\/company\\\/onedoc.ch\\\/\",\"https:\\\/\\\/www.youtube.com\\\/channel\\\/UCWnlE63em_m8ZioBA5n8Z6w\"],\"description\":\"OneDoc est la plateforme leader en Suisse pour la r\u00e9servation de rendez-vous m\u00e9dicaux. Les patients peuvent rechercher des milliers de professionnels de la sant\u00e9 suisses (m\u00e9decins, dentistes et th\u00e9rapeutes) et r\u00e9server un rendez-vous sur place ou une consultation vid\u00e9o en quelques clics, 24 heures sur 24.\",\"legalName\":\"OneDoc SA\",\"foundingDate\":\"2016-12-31\",\"numberOfEmployees\":{\"@type\":\"QuantitativeValue\",\"minValue\":\"51\",\"maxValue\":\"200\"}},{\"@type\":\"Person\",\"@id\":\"https:\\\/\\\/info.onedoc.ch\\\/fr\\\/#\\\/schema\\\/person\\\/fa9ea006257198a701bc2d21cecbfe65\",\"name\":\"Victoria Nover\",\"image\":{\"@type\":\"ImageObject\",\"inLanguage\":\"fr-CH\",\"@id\":\"https:\\\/\\\/secure.gravatar.com\\\/avatar\\\/c0f865e62f53fe4c47715bcef8c2935789b3ffdea88f17952c4e53ef87d4e4b3?s=96&d=mm&r=g\",\"url\":\"https:\\\/\\\/secure.gravatar.com\\\/avatar\\\/c0f865e62f53fe4c47715bcef8c2935789b3ffdea88f17952c4e53ef87d4e4b3?s=96&d=mm&r=g\",\"contentUrl\":\"https:\\\/\\\/secure.gravatar.com\\\/avatar\\\/c0f865e62f53fe4c47715bcef8c2935789b3ffdea88f17952c4e53ef87d4e4b3?s=96&d=mm&r=g\",\"caption\":\"Victoria Nover\"}}]}<\/script>\n<!-- \/ Yoast SEO Premium plugin. -->","yoast_head_json":{"title":"Burnout chez les professionnels de sant\u00e9, les solutions concr\u00e8tes!","description":"20 \u00e0 40% des professionnels de sant\u00e9 montrent des signes de burnout. D\u00e9couvrez les solutions concr\u00e8tes pour le combattre efficacement.","robots":{"index":"index","follow":"follow","max-snippet":"max-snippet:-1","max-image-preview":"max-image-preview:large","max-video-preview":"max-video-preview:-1"},"canonical":"https:\/\/info.onedoc.ch\/fr\/blog\/toutes-les-specialites\/burnout-professionnels-sante-epuisement\/","og_locale":"fr_FR","og_type":"article","og_title":"Burnout chez les professionnels de sant\u00e9, les solutions concr\u00e8tes!","og_description":"20 \u00e0 40% des professionnels de sant\u00e9 montrent des signes de burnout. D\u00e9couvrez les solutions concr\u00e8tes pour le combattre efficacement.","og_url":"https:\/\/info.onedoc.ch\/fr\/blog\/toutes-les-specialites\/burnout-professionnels-sante-epuisement\/","og_site_name":"OneDoc Pro","article_publisher":"https:\/\/www.facebook.com\/onedoc.ch\/","article_published_time":"2025-06-23T12:13:32+00:00","article_modified_time":"2025-11-05T14:37:31+00:00","og_image":[{"width":700,"height":394,"url":"https:\/\/info.onedoc.ch\/wp-content\/uploads\/2025\/06\/burnout-professionnel-sante.jpg","type":"image\/jpeg"}],"author":"Victoria Nover","twitter_card":"summary_large_image","twitter_title":"Burnout chez les professionnels de sant\u00e9, les solutions concr\u00e8tes!","twitter_description":"20 \u00e0 40% des professionnels de sant\u00e9 montrent des signes de burnout. D\u00e9couvrez les solutions concr\u00e8tes pour le combattre efficacement.","twitter_creator":"@onedoc_ch","twitter_site":"@onedoc_ch","twitter_misc":{"Written by":"Victoria Nover","Est. reading time":"5 minutes"},"schema":{"@context":"https:\/\/schema.org","@graph":[{"@type":["Article","BlogPosting"],"@id":"https:\/\/info.onedoc.ch\/fr\/blog\/toutes-les-specialites\/burnout-professionnels-sante-epuisement\/#article","isPartOf":{"@id":"https:\/\/info.onedoc.ch\/fr\/blog\/toutes-les-specialites\/burnout-professionnels-sante-epuisement\/"},"author":{"name":"Victoria Nover","@id":"https:\/\/info.onedoc.ch\/fr\/#\/schema\/person\/fa9ea006257198a701bc2d21cecbfe65"},"headline":"Burnout chez les professionnels de sant\u00e9: Comment pr\u00e9venir l\u2019\u00e9puisement professionnel","datePublished":"2025-06-23T12:13:32+00:00","dateModified":"2025-11-05T14:37:31+00:00","mainEntityOfPage":{"@id":"https:\/\/info.onedoc.ch\/fr\/blog\/toutes-les-specialites\/burnout-professionnels-sante-epuisement\/"},"wordCount":1030,"publisher":{"@id":"https:\/\/info.onedoc.ch\/fr\/#organization"},"image":{"@id":"https:\/\/info.onedoc.ch\/fr\/blog\/toutes-les-specialites\/burnout-professionnels-sante-epuisement\/#primaryimage"},"thumbnailUrl":"https:\/\/info.onedoc.ch\/wp-content\/uploads\/2025\/06\/burnout-professionnel-sante.jpg","keywords":["Personnel"],"articleSection":["Toutes les sp\u00e9cialit\u00e9s"],"inLanguage":"fr-CH"},{"@type":"WebPage","@id":"https:\/\/info.onedoc.ch\/fr\/blog\/toutes-les-specialites\/burnout-professionnels-sante-epuisement\/","url":"https:\/\/info.onedoc.ch\/fr\/blog\/toutes-les-specialites\/burnout-professionnels-sante-epuisement\/","name":"Burnout chez les professionnels de sant\u00e9, les solutions concr\u00e8tes!","isPartOf":{"@id":"https:\/\/info.onedoc.ch\/fr\/#website"},"primaryImageOfPage":{"@id":"https:\/\/info.onedoc.ch\/fr\/blog\/toutes-les-specialites\/burnout-professionnels-sante-epuisement\/#primaryimage"},"image":{"@id":"https:\/\/info.onedoc.ch\/fr\/blog\/toutes-les-specialites\/burnout-professionnels-sante-epuisement\/#primaryimage"},"thumbnailUrl":"https:\/\/info.onedoc.ch\/wp-content\/uploads\/2025\/06\/burnout-professionnel-sante.jpg","datePublished":"2025-06-23T12:13:32+00:00","dateModified":"2025-11-05T14:37:31+00:00","description":"20 \u00e0 40% des professionnels de sant\u00e9 montrent des signes de burnout. D\u00e9couvrez les solutions concr\u00e8tes pour le combattre efficacement.","inLanguage":"fr-CH","potentialAction":[{"@type":"ReadAction","target":["https:\/\/info.onedoc.ch\/fr\/blog\/toutes-les-specialites\/burnout-professionnels-sante-epuisement\/"]}]},{"@type":"ImageObject","inLanguage":"fr-CH","@id":"https:\/\/info.onedoc.ch\/fr\/blog\/toutes-les-specialites\/burnout-professionnels-sante-epuisement\/#primaryimage","url":"https:\/\/info.onedoc.ch\/wp-content\/uploads\/2025\/06\/burnout-professionnel-sante.jpg","contentUrl":"https:\/\/info.onedoc.ch\/wp-content\/uploads\/2025\/06\/burnout-professionnel-sante.jpg","width":700,"height":394,"caption":"young female doctor wearing medical robe and stethoscope sitting at desk with medical tools looking at camera covering mouth with hands isolated on white background"},{"@type":"WebSite","@id":"https:\/\/info.onedoc.ch\/fr\/#website","url":"https:\/\/info.onedoc.ch\/fr\/","name":"OneDoc Pro - Moins d\u2019administratif, plus de temps pour vos patients","description":"L&#039;alli\u00e9 des professionnels de sant\u00e9 suisses au quotidien","publisher":{"@id":"https:\/\/info.onedoc.ch\/fr\/#organization"},"alternateName":"OneDoc Pro","potentialAction":[{"@type":"SearchAction","target":{"@type":"EntryPoint","urlTemplate":"https:\/\/info.onedoc.ch\/fr\/?s={search_term_string}"},"query-input":{"@type":"PropertyValueSpecification","valueRequired":true,"valueName":"search_term_string"}}],"inLanguage":"fr-CH"},{"@type":"Organization","@id":"https:\/\/info.onedoc.ch\/fr\/#organization","name":"OneDoc","alternateName":"OneDoc.ch","url":"https:\/\/info.onedoc.ch\/fr\/","logo":{"@type":"ImageObject","inLanguage":"fr-CH","@id":"https:\/\/info.onedoc.ch\/fr\/#\/schema\/logo\/image\/","url":"https:\/\/info.onedoc.ch\/wp-content\/uploads\/2025\/06\/doki-logo.png","contentUrl":"https:\/\/info.onedoc.ch\/wp-content\/uploads\/2025\/06\/doki-logo.png","width":2134,"height":2134,"caption":"OneDoc"},"image":{"@id":"https:\/\/info.onedoc.ch\/fr\/#\/schema\/logo\/image\/"},"sameAs":["https:\/\/www.facebook.com\/onedoc.ch\/","https:\/\/x.com\/onedoc_ch","https:\/\/www.instagram.com\/onedoc.ch\/","https:\/\/www.linkedin.com\/company\/onedoc.ch\/","https:\/\/www.youtube.com\/channel\/UCWnlE63em_m8ZioBA5n8Z6w"],"description":"OneDoc est la plateforme leader en Suisse pour la r\u00e9servation de rendez-vous m\u00e9dicaux. Les patients peuvent rechercher des milliers de professionnels de la sant\u00e9 suisses (m\u00e9decins, dentistes et th\u00e9rapeutes) et r\u00e9server un rendez-vous sur place ou une consultation vid\u00e9o en quelques clics, 24 heures sur 24.","legalName":"OneDoc SA","foundingDate":"2016-12-31","numberOfEmployees":{"@type":"QuantitativeValue","minValue":"51","maxValue":"200"}},{"@type":"Person","@id":"https:\/\/info.onedoc.ch\/fr\/#\/schema\/person\/fa9ea006257198a701bc2d21cecbfe65","name":"Victoria Nover","image":{"@type":"ImageObject","inLanguage":"fr-CH","@id":"https:\/\/secure.gravatar.com\/avatar\/c0f865e62f53fe4c47715bcef8c2935789b3ffdea88f17952c4e53ef87d4e4b3?s=96&d=mm&r=g","url":"https:\/\/secure.gravatar.com\/avatar\/c0f865e62f53fe4c47715bcef8c2935789b3ffdea88f17952c4e53ef87d4e4b3?s=96&d=mm&r=g","contentUrl":"https:\/\/secure.gravatar.com\/avatar\/c0f865e62f53fe4c47715bcef8c2935789b3ffdea88f17952c4e53ef87d4e4b3?s=96&d=mm&r=g","caption":"Victoria Nover"}}]}},"_links":{"self":[{"href":"https:\/\/info.onedoc.ch\/fr\/wp-json\/wp\/v2\/posts\/12480","targetHints":{"allow":["GET"]}}],"collection":[{"href":"https:\/\/info.onedoc.ch\/fr\/wp-json\/wp\/v2\/posts"}],"about":[{"href":"https:\/\/info.onedoc.ch\/fr\/wp-json\/wp\/v2\/types\/post"}],"author":[{"embeddable":true,"href":"https:\/\/info.onedoc.ch\/fr\/wp-json\/wp\/v2\/users\/4"}],"replies":[{"embeddable":true,"href":"https:\/\/info.onedoc.ch\/fr\/wp-json\/wp\/v2\/comments?post=12480"}],"version-history":[{"count":3,"href":"https:\/\/info.onedoc.ch\/fr\/wp-json\/wp\/v2\/posts\/12480\/revisions"}],"predecessor-version":[{"id":31668,"href":"https:\/\/info.onedoc.ch\/fr\/wp-json\/wp\/v2\/posts\/12480\/revisions\/31668"}],"wp:featuredmedia":[{"embeddable":true,"href":"https:\/\/info.onedoc.ch\/fr\/wp-json\/wp\/v2\/media\/12481"}],"wp:attachment":[{"href":"https:\/\/info.onedoc.ch\/fr\/wp-json\/wp\/v2\/media?parent=12480"}],"wp:term":[{"taxonomy":"category","embeddable":true,"href":"https:\/\/info.onedoc.ch\/fr\/wp-json\/wp\/v2\/categories?post=12480"},{"taxonomy":"post_tag","embeddable":true,"href":"https:\/\/info.onedoc.ch\/fr\/wp-json\/wp\/v2\/tags?post=12480"}],"curies":[{"name":"wp","href":"https:\/\/api.w.org\/{rel}","templated":true}]}}