{"id":14776,"date":"2025-07-02T06:52:47","date_gmt":"2025-07-02T04:52:47","guid":{"rendered":"https:\/\/info.1doc.ch\/therapeutes-salon-suisse-romande\/"},"modified":"2025-07-02T06:54:55","modified_gmt":"2025-07-02T06:54:55","slug":"therapists-dicated-events-switzerland","status":"publish","type":"post","link":"https:\/\/info.onedoc.ch\/en\/blog\/therapists\/therapists-dicated-events-switzerland\/","title":{"rendered":"Salon nat 2025: Therapists, meet your future patients at dedicated events in Switzerland!"},"content":{"rendered":"\n<p>If you\u2019re reading this, chances are you\u2019re already using digital tools like OneDoc \u2013 and that\u2019s a great start! But beyond the digital, in-person contact with your patients remains essential. By taking part in specialized events like&nbsp;<a href=\"https:\/\/salontherapiesnaturelles.ch\/\" target=\"_blank\" rel=\"noreferrer noopener\">Salon Nat \u2013 Everything you need for natural living<\/a>&nbsp;(formerly \u201cSalon Th\u00e9rapies Naturelles, Bien-\u00eatre &amp; Sant\u00e9\u201d), you not only boost your visibility, but also build a unique bond of trust with your clients. Because nothing beats a face-to-face meeting, discover how to make the most of events like Salon Nat as a therapist in Switzerland.<\/p>\n\n\n\n<h2 class=\"wp-block-heading\" id=\"heading-1\">Why meet your patients in person at salon nat?<\/h2>\n\n\n\n<h3 class=\"wp-block-heading\">Showcase the real value of your therapies to potential patients<\/h3>\n\n\n\n<p>Fairs dedicated to therapists offer a unique chance to present your therapeutic methods directly to visitors. Through hands-on demonstrations, you can clearly illustrate the benefits and effectiveness of your practices \u2013 whether it\u2019s nutrition, fasciatherapy, complementary medicine, or any other therapy. These real-life experiences help patients better understand and connect with your techniques, encouraging them to embrace your therapeutic approach.<\/p>\n\n\n\n<h3 class=\"wp-block-heading\">\ud83d\udca1 Why is \u201cSalon Th\u00e9rapies Naturelles, Bien-\u00eatre &amp; Sant\u00e9\u201d becoming Salon Nat \u2013 Everything you need for natural living?<\/h3>\n\n\n\n<p>The organizers chose a shorter, more impactful name to better reflect their vision of \u201cliving better\u201d by putting natural health at the heart of a holistic lifestyle. In this new edition, Salon Natshines a spotlight on everyday wellness \u2013 from natural therapies and nutrition to home design, leisure, and connecting with nature.<\/p>\n\n\n\n<h3 class=\"wp-block-heading\">Build stronger relationships through direct contact<\/h3>\n\n\n\n<p>Besides offering a hands-on experience, attending a fair like&nbsp;<em>Salon Nat \u2013 Everything you need for natural living!<\/em>&nbsp;lets you humanize your relationship with potential patients. Face-to-face conversations naturally foster trust, while helping you understand each person\u2019s unique needs \u2013 making your therapeutic approach more tailored and effective.<\/p>\n\n\n\n<h3 class=\"wp-block-heading\">Boost your visibility and grow your practice locally<\/h3>\n\n\n\n<p>Taking part in these events gives you valuable visibility among an audience already interested in natural therapies. It\u2019s a great opportunity to promote your services, highlight your expertise, and build local recognition.<\/p>\n\n\n\n<h3 class=\"wp-block-heading\">Meet and exchange with other therapists<\/h3>\n\n\n\n<p>Fairs like this are also a golden opportunity to connect and exchange with fellow health and wellness professionals. You can share experiences, discover new therapeutic approaches, and expand your professional network. In turn, this allows you to offer even better support to your patients \u2013 all while embracing a holistic, natural approach to health.<\/p>\n\n\n\n<h2 class=\"wp-block-heading\" id=\"heading-2\">Salon nat: A unique space to connect with patients<\/h2>\n\n\n\n<p><em>Salon Nat \u2013 Everything you need for natural living!<\/em>&nbsp;is now a key event in French-speaking Switzerland. Formerly known as \u201cSalon Th\u00e9rapies Naturelles, Bien-\u00eatre &amp; Sant\u00e9,\u201d the fair has evolved to offer a broader, more holistic wellness experience.<\/p>\n\n\n\n<p>As Sandra Barberot, program manager and coordinator of&nbsp;<em>Salon Nat \u2013 Everything you need for natural living!<\/em>&nbsp;explains: \u201cThe idea behind Salon Nat is to create a shared space, a platform where people can meet professionals, ask questions, try out products and connect directly.\u201d This human and interactive aspect makes the event especially relevant for therapists wanting to showcase their work in a concrete way and stand out.<\/p>\n\n\n\n<p>With four key dates each year in major cities like Morges, Aigle, Fribourg, and Geneva (during Les Automnales), the fair offers the ideal platform to connect with an audience already attuned to natural wellness.<\/p>\n\n\n\n<p>Each edition brings together over 100 exhibitors, around 40 practical workshops, and dozens of expert-led talks. For the last edition in Morges from April 25 to 27, 2025, notable speakers like Luc Recordon, Professor Jacques Besson, Marie-Julia Guittier, and David Perroud offered a range of insightful conferences.<\/p>\n\n\n\n<p>This dynamic setting makes&nbsp;<em>Salon Nat \u2013 Everything you need for natural living!<\/em>&nbsp;a unique space to enrich your practice, forge strong relationships with future clients, and increase your visibility with a qualified, targeted audience.<\/p>\n\n\n\n<h2 class=\"wp-block-heading\" id=\"heading-3\">Our top tips to make your salon nat experience a success<\/h2>\n\n\n\n<p>To make the most of your time at&nbsp;<em>Salon Nat \u2013 Everything you need for natural living!<\/em>, here are a few practical tips:<\/p>\n\n\n\n<ul class=\"wp-block-list\">\n<li>Get your stand ready in advance and start promoting your presence before the event.<\/li>\n\n\n\n<li>Plan eye-catching demos that reflect your specialty to grab visitors\u2019 attention.<\/li>\n\n\n\n<li>Don\u2019t forget to collect contact details from interested visitors for effective follow-up after the fair.<\/li>\n<\/ul>\n\n\n\n<p>We can\u2019t wait to see you there!<\/p>\n\n\n\n<p><em>This article was created in partnership with Salon Nat \u2013 Everything you need for natural living!<\/em><\/p>\n","protected":false},"excerpt":{"rendered":"<p>If you\u2019re reading this, chances are you\u2019re already using digital tools like [&hellip;]<\/p>\n","protected":false},"author":4,"featured_media":14772,"comment_status":"closed","ping_status":"closed","sticky":false,"template":"","format":"standard","meta":{"footnotes":""},"categories":[133],"tags":[287,400],"class_list":["post-14776","post","type-post","status-publish","format-standard","has-post-thumbnail","hentry","category-therapists","tag-increased-visibility","tag-visibilite-accrue"],"yoast_head":"<!-- This site is optimized with the Yoast SEO Premium plugin v27.2 (Yoast SEO v27.5) - https:\/\/yoast.com\/product\/yoast-seo-premium-wordpress\/ -->\n<title>Therapists, take part in dedicated fairs and events in Switzerland!<\/title>\n<meta name=\"description\" content=\"Fairs and events dedicated to therapists offer you a unique opportunity to present your therapeutic methods directly to visitors!\" \/>\n<meta name=\"robots\" content=\"index, follow, max-snippet:-1, max-image-preview:large, max-video-preview:-1\" \/>\n<link rel=\"canonical\" href=\"https:\/\/info.onedoc.ch\/en\/blog\/therapists\/therapists-dicated-events-switzerland\/\" \/>\n<meta property=\"og:locale\" content=\"en_US\" \/>\n<meta property=\"og:type\" content=\"article\" \/>\n<meta property=\"og:title\" content=\"Therapists, take part in dedicated fairs and events in Switzerland!\" \/>\n<meta property=\"og:description\" content=\"Fairs and events dedicated to therapists offer you a unique opportunity to present your therapeutic methods directly to visitors!\" \/>\n<meta property=\"og:url\" content=\"https:\/\/info.onedoc.ch\/en\/blog\/therapists\/therapists-dicated-events-switzerland\/\" \/>\n<meta property=\"og:site_name\" content=\"OneDoc Pro\" \/>\n<meta property=\"article:publisher\" content=\"https:\/\/www.facebook.com\/onedoc.ch\/\" \/>\n<meta property=\"article:published_time\" content=\"2025-07-02T04:52:47+00:00\" \/>\n<meta property=\"article:modified_time\" content=\"2025-07-02T06:54:55+00:00\" \/>\n<meta property=\"og:image\" content=\"https:\/\/info.onedoc.ch\/wp-content\/uploads\/2025\/07\/salon-therapies-naturelles.png\" \/>\n\t<meta property=\"og:image:width\" content=\"700\" \/>\n\t<meta property=\"og:image:height\" content=\"467\" \/>\n\t<meta property=\"og:image:type\" content=\"image\/png\" \/>\n<meta name=\"author\" content=\"Victoria Nover\" \/>\n<meta name=\"twitter:card\" content=\"summary_large_image\" \/>\n<meta name=\"twitter:title\" content=\"Therapists, take part in dedicated fairs and events in Switzerland!\" \/>\n<meta name=\"twitter:description\" content=\"Fairs and events dedicated to therapists offer you a unique opportunity to present your therapeutic methods directly to visitors!\" \/>\n<meta name=\"twitter:creator\" content=\"@onedoc_ch\" \/>\n<meta name=\"twitter:site\" content=\"@onedoc_ch\" \/>\n<meta name=\"twitter:label1\" content=\"Written by\" \/>\n\t<meta name=\"twitter:data1\" content=\"Victoria Nover\" \/>\n\t<meta name=\"twitter:label2\" content=\"Est. reading time\" \/>\n\t<meta name=\"twitter:data2\" content=\"4 minutes\" \/>\n<script type=\"application\/ld+json\" class=\"yoast-schema-graph\">{\"@context\":\"https:\\\/\\\/schema.org\",\"@graph\":[{\"@type\":[\"Article\",\"BlogPosting\"],\"@id\":\"https:\\\/\\\/info.onedoc.ch\\\/en\\\/blog\\\/therapists\\\/therapists-dicated-events-switzerland\\\/#article\",\"isPartOf\":{\"@id\":\"https:\\\/\\\/info.onedoc.ch\\\/en\\\/blog\\\/therapists\\\/therapists-dicated-events-switzerland\\\/\"},\"author\":{\"name\":\"Victoria Nover\",\"@id\":\"https:\\\/\\\/info.onedoc.ch\\\/en\\\/#\\\/schema\\\/person\\\/fa9ea006257198a701bc2d21cecbfe65\"},\"headline\":\"Salon nat 2025: Therapists, meet your future patients at dedicated events in Switzerland!\",\"datePublished\":\"2025-07-02T04:52:47+00:00\",\"dateModified\":\"2025-07-02T06:54:55+00:00\",\"mainEntityOfPage\":{\"@id\":\"https:\\\/\\\/info.onedoc.ch\\\/en\\\/blog\\\/therapists\\\/therapists-dicated-events-switzerland\\\/\"},\"wordCount\":741,\"publisher\":{\"@id\":\"https:\\\/\\\/info.onedoc.ch\\\/en\\\/#organization\"},\"image\":{\"@id\":\"https:\\\/\\\/info.onedoc.ch\\\/en\\\/blog\\\/therapists\\\/therapists-dicated-events-switzerland\\\/#primaryimage\"},\"thumbnailUrl\":\"https:\\\/\\\/info.onedoc.ch\\\/wp-content\\\/uploads\\\/2025\\\/07\\\/salon-therapies-naturelles.png\",\"keywords\":[\"Increased visibility\",\"Visibilit\u00e9 accrue\"],\"articleSection\":[\"Complementary therapists\"],\"inLanguage\":\"en-US\"},{\"@type\":\"WebPage\",\"@id\":\"https:\\\/\\\/info.onedoc.ch\\\/en\\\/blog\\\/therapists\\\/therapists-dicated-events-switzerland\\\/\",\"url\":\"https:\\\/\\\/info.onedoc.ch\\\/en\\\/blog\\\/therapists\\\/therapists-dicated-events-switzerland\\\/\",\"name\":\"Therapists, take part in dedicated fairs and events in Switzerland!\",\"isPartOf\":{\"@id\":\"https:\\\/\\\/info.onedoc.ch\\\/en\\\/#website\"},\"primaryImageOfPage\":{\"@id\":\"https:\\\/\\\/info.onedoc.ch\\\/en\\\/blog\\\/therapists\\\/therapists-dicated-events-switzerland\\\/#primaryimage\"},\"image\":{\"@id\":\"https:\\\/\\\/info.onedoc.ch\\\/en\\\/blog\\\/therapists\\\/therapists-dicated-events-switzerland\\\/#primaryimage\"},\"thumbnailUrl\":\"https:\\\/\\\/info.onedoc.ch\\\/wp-content\\\/uploads\\\/2025\\\/07\\\/salon-therapies-naturelles.png\",\"datePublished\":\"2025-07-02T04:52:47+00:00\",\"dateModified\":\"2025-07-02T06:54:55+00:00\",\"description\":\"Fairs and events dedicated to therapists offer you a unique opportunity to present your therapeutic methods directly to visitors!\",\"inLanguage\":\"en-US\",\"potentialAction\":[{\"@type\":\"ReadAction\",\"target\":[\"https:\\\/\\\/info.onedoc.ch\\\/en\\\/blog\\\/therapists\\\/therapists-dicated-events-switzerland\\\/\"]}]},{\"@type\":\"ImageObject\",\"inLanguage\":\"en-US\",\"@id\":\"https:\\\/\\\/info.onedoc.ch\\\/en\\\/blog\\\/therapists\\\/therapists-dicated-events-switzerland\\\/#primaryimage\",\"url\":\"https:\\\/\\\/info.onedoc.ch\\\/wp-content\\\/uploads\\\/2025\\\/07\\\/salon-therapies-naturelles.png\",\"contentUrl\":\"https:\\\/\\\/info.onedoc.ch\\\/wp-content\\\/uploads\\\/2025\\\/07\\\/salon-therapies-naturelles.png\",\"width\":700,\"height\":467,\"caption\":\"Therapists, meet your patients at dedicated trade fairs in French-speaking Switzerland!\"},{\"@type\":\"WebSite\",\"@id\":\"https:\\\/\\\/info.onedoc.ch\\\/en\\\/#website\",\"url\":\"https:\\\/\\\/info.onedoc.ch\\\/en\\\/\",\"name\":\"OneDoc Pro - Moins d\u2019administratif, plus de temps pour vos patients\",\"description\":\"L&#039;alli\u00e9 des professionnels de sant\u00e9 suisses au quotidien\",\"publisher\":{\"@id\":\"https:\\\/\\\/info.onedoc.ch\\\/en\\\/#organization\"},\"alternateName\":\"OneDoc Pro\",\"potentialAction\":[{\"@type\":\"SearchAction\",\"target\":{\"@type\":\"EntryPoint\",\"urlTemplate\":\"https:\\\/\\\/info.onedoc.ch\\\/en\\\/?s={search_term_string}\"},\"query-input\":{\"@type\":\"PropertyValueSpecification\",\"valueRequired\":true,\"valueName\":\"search_term_string\"}}],\"inLanguage\":\"en-US\"},{\"@type\":\"Organization\",\"@id\":\"https:\\\/\\\/info.onedoc.ch\\\/en\\\/#organization\",\"name\":\"OneDoc\",\"alternateName\":\"OneDoc.ch\",\"url\":\"https:\\\/\\\/info.onedoc.ch\\\/en\\\/\",\"logo\":{\"@type\":\"ImageObject\",\"inLanguage\":\"en-US\",\"@id\":\"https:\\\/\\\/info.onedoc.ch\\\/en\\\/#\\\/schema\\\/logo\\\/image\\\/\",\"url\":\"https:\\\/\\\/info.onedoc.ch\\\/wp-content\\\/uploads\\\/2025\\\/06\\\/doki-logo.png\",\"contentUrl\":\"https:\\\/\\\/info.onedoc.ch\\\/wp-content\\\/uploads\\\/2025\\\/06\\\/doki-logo.png\",\"width\":2134,\"height\":2134,\"caption\":\"OneDoc\"},\"image\":{\"@id\":\"https:\\\/\\\/info.onedoc.ch\\\/en\\\/#\\\/schema\\\/logo\\\/image\\\/\"},\"sameAs\":[\"https:\\\/\\\/www.facebook.com\\\/onedoc.ch\\\/\",\"https:\\\/\\\/x.com\\\/onedoc_ch\",\"https:\\\/\\\/www.instagram.com\\\/onedoc.ch\\\/\",\"https:\\\/\\\/www.linkedin.com\\\/company\\\/onedoc.ch\\\/\",\"https:\\\/\\\/www.youtube.com\\\/channel\\\/UCWnlE63em_m8ZioBA5n8Z6w\"],\"description\":\"OneDoc est la plateforme leader en Suisse pour la r\u00e9servation de rendez-vous m\u00e9dicaux. Les patients peuvent rechercher des milliers de professionnels de la sant\u00e9 suisses (m\u00e9decins, dentistes et th\u00e9rapeutes) et r\u00e9server un rendez-vous sur place ou une consultation vid\u00e9o en quelques clics, 24 heures sur 24.\",\"legalName\":\"OneDoc SA\",\"foundingDate\":\"2016-12-31\",\"numberOfEmployees\":{\"@type\":\"QuantitativeValue\",\"minValue\":\"51\",\"maxValue\":\"200\"}},{\"@type\":\"Person\",\"@id\":\"https:\\\/\\\/info.onedoc.ch\\\/en\\\/#\\\/schema\\\/person\\\/fa9ea006257198a701bc2d21cecbfe65\",\"name\":\"Victoria Nover\",\"image\":{\"@type\":\"ImageObject\",\"inLanguage\":\"en-US\",\"@id\":\"https:\\\/\\\/secure.gravatar.com\\\/avatar\\\/c0f865e62f53fe4c47715bcef8c2935789b3ffdea88f17952c4e53ef87d4e4b3?s=96&d=mm&r=g\",\"url\":\"https:\\\/\\\/secure.gravatar.com\\\/avatar\\\/c0f865e62f53fe4c47715bcef8c2935789b3ffdea88f17952c4e53ef87d4e4b3?s=96&d=mm&r=g\",\"contentUrl\":\"https:\\\/\\\/secure.gravatar.com\\\/avatar\\\/c0f865e62f53fe4c47715bcef8c2935789b3ffdea88f17952c4e53ef87d4e4b3?s=96&d=mm&r=g\",\"caption\":\"Victoria Nover\"}}]}<\/script>\n<!-- \/ Yoast SEO Premium plugin. -->","yoast_head_json":{"title":"Therapists, take part in dedicated fairs and events in Switzerland!","description":"Fairs and events dedicated to therapists offer you a unique opportunity to present your therapeutic methods directly to visitors!","robots":{"index":"index","follow":"follow","max-snippet":"max-snippet:-1","max-image-preview":"max-image-preview:large","max-video-preview":"max-video-preview:-1"},"canonical":"https:\/\/info.onedoc.ch\/en\/blog\/therapists\/therapists-dicated-events-switzerland\/","og_locale":"en_US","og_type":"article","og_title":"Therapists, take part in dedicated fairs and events in Switzerland!","og_description":"Fairs and events dedicated to therapists offer you a unique opportunity to present your therapeutic methods directly to visitors!","og_url":"https:\/\/info.onedoc.ch\/en\/blog\/therapists\/therapists-dicated-events-switzerland\/","og_site_name":"OneDoc Pro","article_publisher":"https:\/\/www.facebook.com\/onedoc.ch\/","article_published_time":"2025-07-02T04:52:47+00:00","article_modified_time":"2025-07-02T06:54:55+00:00","og_image":[{"width":700,"height":467,"url":"https:\/\/info.onedoc.ch\/wp-content\/uploads\/2025\/07\/salon-therapies-naturelles.png","type":"image\/png"}],"author":"Victoria Nover","twitter_card":"summary_large_image","twitter_title":"Therapists, take part in dedicated fairs and events in Switzerland!","twitter_description":"Fairs and events dedicated to therapists offer you a unique opportunity to present your therapeutic methods directly to visitors!","twitter_creator":"@onedoc_ch","twitter_site":"@onedoc_ch","twitter_misc":{"Written by":"Victoria Nover","Est. reading time":"4 minutes"},"schema":{"@context":"https:\/\/schema.org","@graph":[{"@type":["Article","BlogPosting"],"@id":"https:\/\/info.onedoc.ch\/en\/blog\/therapists\/therapists-dicated-events-switzerland\/#article","isPartOf":{"@id":"https:\/\/info.onedoc.ch\/en\/blog\/therapists\/therapists-dicated-events-switzerland\/"},"author":{"name":"Victoria Nover","@id":"https:\/\/info.onedoc.ch\/en\/#\/schema\/person\/fa9ea006257198a701bc2d21cecbfe65"},"headline":"Salon nat 2025: Therapists, meet your future patients at dedicated events in Switzerland!","datePublished":"2025-07-02T04:52:47+00:00","dateModified":"2025-07-02T06:54:55+00:00","mainEntityOfPage":{"@id":"https:\/\/info.onedoc.ch\/en\/blog\/therapists\/therapists-dicated-events-switzerland\/"},"wordCount":741,"publisher":{"@id":"https:\/\/info.onedoc.ch\/en\/#organization"},"image":{"@id":"https:\/\/info.onedoc.ch\/en\/blog\/therapists\/therapists-dicated-events-switzerland\/#primaryimage"},"thumbnailUrl":"https:\/\/info.onedoc.ch\/wp-content\/uploads\/2025\/07\/salon-therapies-naturelles.png","keywords":["Increased visibility","Visibilit\u00e9 accrue"],"articleSection":["Complementary therapists"],"inLanguage":"en-US"},{"@type":"WebPage","@id":"https:\/\/info.onedoc.ch\/en\/blog\/therapists\/therapists-dicated-events-switzerland\/","url":"https:\/\/info.onedoc.ch\/en\/blog\/therapists\/therapists-dicated-events-switzerland\/","name":"Therapists, take part in dedicated fairs and events in Switzerland!","isPartOf":{"@id":"https:\/\/info.onedoc.ch\/en\/#website"},"primaryImageOfPage":{"@id":"https:\/\/info.onedoc.ch\/en\/blog\/therapists\/therapists-dicated-events-switzerland\/#primaryimage"},"image":{"@id":"https:\/\/info.onedoc.ch\/en\/blog\/therapists\/therapists-dicated-events-switzerland\/#primaryimage"},"thumbnailUrl":"https:\/\/info.onedoc.ch\/wp-content\/uploads\/2025\/07\/salon-therapies-naturelles.png","datePublished":"2025-07-02T04:52:47+00:00","dateModified":"2025-07-02T06:54:55+00:00","description":"Fairs and events dedicated to therapists offer you a unique opportunity to present your therapeutic methods directly to visitors!","inLanguage":"en-US","potentialAction":[{"@type":"ReadAction","target":["https:\/\/info.onedoc.ch\/en\/blog\/therapists\/therapists-dicated-events-switzerland\/"]}]},{"@type":"ImageObject","inLanguage":"en-US","@id":"https:\/\/info.onedoc.ch\/en\/blog\/therapists\/therapists-dicated-events-switzerland\/#primaryimage","url":"https:\/\/info.onedoc.ch\/wp-content\/uploads\/2025\/07\/salon-therapies-naturelles.png","contentUrl":"https:\/\/info.onedoc.ch\/wp-content\/uploads\/2025\/07\/salon-therapies-naturelles.png","width":700,"height":467,"caption":"Therapists, meet your patients at dedicated trade fairs in French-speaking Switzerland!"},{"@type":"WebSite","@id":"https:\/\/info.onedoc.ch\/en\/#website","url":"https:\/\/info.onedoc.ch\/en\/","name":"OneDoc Pro - Moins d\u2019administratif, plus de temps pour vos patients","description":"L&#039;alli\u00e9 des professionnels de sant\u00e9 suisses au quotidien","publisher":{"@id":"https:\/\/info.onedoc.ch\/en\/#organization"},"alternateName":"OneDoc Pro","potentialAction":[{"@type":"SearchAction","target":{"@type":"EntryPoint","urlTemplate":"https:\/\/info.onedoc.ch\/en\/?s={search_term_string}"},"query-input":{"@type":"PropertyValueSpecification","valueRequired":true,"valueName":"search_term_string"}}],"inLanguage":"en-US"},{"@type":"Organization","@id":"https:\/\/info.onedoc.ch\/en\/#organization","name":"OneDoc","alternateName":"OneDoc.ch","url":"https:\/\/info.onedoc.ch\/en\/","logo":{"@type":"ImageObject","inLanguage":"en-US","@id":"https:\/\/info.onedoc.ch\/en\/#\/schema\/logo\/image\/","url":"https:\/\/info.onedoc.ch\/wp-content\/uploads\/2025\/06\/doki-logo.png","contentUrl":"https:\/\/info.onedoc.ch\/wp-content\/uploads\/2025\/06\/doki-logo.png","width":2134,"height":2134,"caption":"OneDoc"},"image":{"@id":"https:\/\/info.onedoc.ch\/en\/#\/schema\/logo\/image\/"},"sameAs":["https:\/\/www.facebook.com\/onedoc.ch\/","https:\/\/x.com\/onedoc_ch","https:\/\/www.instagram.com\/onedoc.ch\/","https:\/\/www.linkedin.com\/company\/onedoc.ch\/","https:\/\/www.youtube.com\/channel\/UCWnlE63em_m8ZioBA5n8Z6w"],"description":"OneDoc est la plateforme leader en Suisse pour la r\u00e9servation de rendez-vous m\u00e9dicaux. Les patients peuvent rechercher des milliers de professionnels de la sant\u00e9 suisses (m\u00e9decins, dentistes et th\u00e9rapeutes) et r\u00e9server un rendez-vous sur place ou une consultation vid\u00e9o en quelques clics, 24 heures sur 24.","legalName":"OneDoc SA","foundingDate":"2016-12-31","numberOfEmployees":{"@type":"QuantitativeValue","minValue":"51","maxValue":"200"}},{"@type":"Person","@id":"https:\/\/info.onedoc.ch\/en\/#\/schema\/person\/fa9ea006257198a701bc2d21cecbfe65","name":"Victoria Nover","image":{"@type":"ImageObject","inLanguage":"en-US","@id":"https:\/\/secure.gravatar.com\/avatar\/c0f865e62f53fe4c47715bcef8c2935789b3ffdea88f17952c4e53ef87d4e4b3?s=96&d=mm&r=g","url":"https:\/\/secure.gravatar.com\/avatar\/c0f865e62f53fe4c47715bcef8c2935789b3ffdea88f17952c4e53ef87d4e4b3?s=96&d=mm&r=g","contentUrl":"https:\/\/secure.gravatar.com\/avatar\/c0f865e62f53fe4c47715bcef8c2935789b3ffdea88f17952c4e53ef87d4e4b3?s=96&d=mm&r=g","caption":"Victoria Nover"}}]}},"_links":{"self":[{"href":"https:\/\/info.onedoc.ch\/en\/wp-json\/wp\/v2\/posts\/14776","targetHints":{"allow":["GET"]}}],"collection":[{"href":"https:\/\/info.onedoc.ch\/en\/wp-json\/wp\/v2\/posts"}],"about":[{"href":"https:\/\/info.onedoc.ch\/en\/wp-json\/wp\/v2\/types\/post"}],"author":[{"embeddable":true,"href":"https:\/\/info.onedoc.ch\/en\/wp-json\/wp\/v2\/users\/4"}],"replies":[{"embeddable":true,"href":"https:\/\/info.onedoc.ch\/en\/wp-json\/wp\/v2\/comments?post=14776"}],"version-history":[{"count":1,"href":"https:\/\/info.onedoc.ch\/en\/wp-json\/wp\/v2\/posts\/14776\/revisions"}],"predecessor-version":[{"id":14779,"href":"https:\/\/info.onedoc.ch\/en\/wp-json\/wp\/v2\/posts\/14776\/revisions\/14779"}],"wp:featuredmedia":[{"embeddable":true,"href":"https:\/\/info.onedoc.ch\/en\/wp-json\/wp\/v2\/media\/14772"}],"wp:attachment":[{"href":"https:\/\/info.onedoc.ch\/en\/wp-json\/wp\/v2\/media?parent=14776"}],"wp:term":[{"taxonomy":"category","embeddable":true,"href":"https:\/\/info.onedoc.ch\/en\/wp-json\/wp\/v2\/categories?post=14776"},{"taxonomy":"post_tag","embeddable":true,"href":"https:\/\/info.onedoc.ch\/en\/wp-json\/wp\/v2\/tags?post=14776"}],"curies":[{"name":"wp","href":"https:\/\/api.w.org\/{rel}","templated":true}]}}