{"id":14799,"date":"2025-07-02T06:52:47","date_gmt":"2025-07-02T04:52:47","guid":{"rendered":"https:\/\/info.1doc.ch\/therapeutes-salon-suisse-romande\/"},"modified":"2025-07-02T08:05:17","modified_gmt":"2025-07-02T08:05:17","slug":"therapeut-treffen-fachmessen-schweiz","status":"publish","type":"post","link":"https:\/\/info.onedoc.ch\/de\/blog\/therapeuten\/therapeut-treffen-fachmessen-schweiz\/","title":{"rendered":"Salon Nat 2025: Therapeut:innen, treffen Sie Ihre Patient:innen auf Fachmessen in der Schweiz!"},"content":{"rendered":"\n<p>Wenn Sie diesen Artikel lesen, nutzen Sie vielleicht bereits digitale Tools wie OneDoc \u2013 und das ist super! Doch neben der Digitalisierung bleibt der pers\u00f6nliche Kontakt mit Ihren Patient:innen zentral. Durch die Teilnahme an spezialisierten Veranstaltungen wie dem&nbsp;<a href=\"https:\/\/salontherapiesnaturelles.ch\/\" target=\"_blank\" rel=\"noreferrer noopener\"><em><strong>Salon Nat \u2013 das Wesentliche f\u00fcr ein Leben im Einklang mit der Natur!<\/strong><\/em><\/a>&nbsp;(ehemals Salon Th\u00e9rapies Naturelles, Bien-\u00eatre &amp; Sant\u00e9) st\u00e4rken Sie nicht nur Ihre Sichtbarkeit, sondern bauen auch eine einzigartige Vertrauensbasis mit Ihren Kund:innen auf. Denn nichts ersetzt eine Begegnung von Mensch zu Mensch \u2013 erfahren Sie, wie Sie als Therapeut:in in der Schweiz das volle Potenzial eines Anlasses wie dem Salon Nat aussch\u00f6pfen k\u00f6nnen.<\/p>\n\n\n\n<h2 class=\"wp-block-heading\" id=\"heading-1\">Warum Sie Ihre Patient:innen pers\u00f6nlich am Salon Nat treffen sollten<\/h2>\n\n\n\n<h3 class=\"wp-block-heading\">Pr\u00e4sentieren Sie Ihre Therapieans\u00e4tze direkt und greifbar<\/h3>\n\n\n\n<p>Fachmessen wie der Salon Nat bieten eine einmalige Gelegenheit, Ihre therapeutischen Methoden direkt den Besucher:innen vorzustellen. Mit praktischen Demonstrationen k\u00f6nnen Sie die Wirksamkeit und den Nutzen Ihrer Ans\u00e4tze \u2013 ob Ern\u00e4hrung, Fasziatherapie, Komplement\u00e4rmedizin oder andere Methoden \u2013 verst\u00e4ndlich und erlebbar machen. Solche Erlebnisse helfen potenziellen Patient:innen, Ihre Arbeit besser zu verstehen und Vertrauen zu fassen.<\/p>\n\n\n\n<h3 class=\"wp-block-heading\">\ud83d\udca1 Warum wird aus dem Salon Th\u00e9rapies Naturelles der Salon Nat \u2013 das Wesentliche f\u00fcr ein Leben im Einklang mit der Natur?<\/h3>\n\n\n\n<p>Die Veranstalter:innen wollten einen k\u00fcrzeren, aussagekr\u00e4ftigeren Namen, der ihre Vision vom \u00abbesser leben\u00bb unterstreicht \u2013 mit einem Fokus auf nat\u00fcrlicher Gesundheit und einer ganzheitlichen Lebensweise. Die neue Ausgabe des Salon Nat stellt das Wohlbefinden in den Mittelpunkt: von nat\u00fcrlichen Therapien \u00fcber Ern\u00e4hrung und Wohnen bis hin zu Freizeit und der Verbindung zur Natur.<\/p>\n\n\n\n<h3 class=\"wp-block-heading\">Vertrauen aufbauen durch pers\u00f6nlichen Austausch<\/h3>\n\n\n\n<p>Neben konkreten Demonstrationen erlaubt Ihnen die physische Pr\u00e4senz am&nbsp;<em>Salon Nat<\/em>&nbsp;auch, potenziellen Patient:innen direkt zu begegnen. Solche Face-to-Face-Gespr\u00e4che st\u00e4rken das Vertrauen, erm\u00f6glichen ein besseres Verst\u00e4ndnis individueller Bed\u00fcrfnisse und machen Ihre therapeutische Begleitung noch pers\u00f6nlicher und wirksamer.<\/p>\n\n\n\n<h3 class=\"wp-block-heading\">Mehr Sichtbarkeit f\u00fcr Ihre Praxis<\/h3>\n\n\n\n<p>Der Salon bietet eine hervorragende B\u00fchne, um sich einem interessierten Publikum zu pr\u00e4sentieren. Nutzen Sie die Gelegenheit, Ihre Angebote bekannt zu machen, Ihre Kompetenzen hervorzuheben und Ihre lokale Bekanntheit zu steigern.<\/p>\n\n\n\n<h3 class=\"wp-block-heading\">Austausch mit anderen Therapeut:innen<\/h3>\n\n\n\n<p>Der Salon ist auch eine wertvolle Gelegenheit, sich mit anderen Fachpersonen aus dem Gesundheits- und Wohlf\u00fchlbereich zu vernetzen. Sie k\u00f6nnen Erfahrungen teilen, neue Ans\u00e4tze entdecken und sich gegenseitig inspirieren. Das erweitert nicht nur Ihr Wissen, sondern bereichert auch Ihre Begleitung \u2013 ganz im Sinne einer ganzheitlichen Gesundheit f\u00fcr Ihre Patient:innen.<\/p>\n\n\n\n<h2 class=\"wp-block-heading\" id=\"heading-2\">Der Salon Nat: Ihr Treffpunkt mit Patient:innen<\/h2>\n\n\n\n<p><em>Der Salon Nat \u2013 das Wesentliche f\u00fcr ein Leben im Einklang mit der Natur!<\/em>&nbsp;ist ein zentrales Event in der Westschweiz. Als Weiterentwicklung des ehemaligen Salons f\u00fcr Naturheilkunde und Wohlbefinden bietet er eine umfassendere Perspektive auf Gesundheit und Lebensqualit\u00e4t.<\/p>\n\n\n\n<p>Sandra Barberot, Programmverantwortliche des&nbsp;<em>Salon Nat<\/em>, erkl\u00e4rt: \u00abDie Idee des Salon Nat ist es, einen gemeinsamen Ort zu schaffen \u2013 eine Plattform, wo man Fachpersonen begegnen, Fragen stellen, Produkte testen und direkt in Kontakt treten kann.\u00bb Dieser menschliche und interaktive Aspekt macht den Event besonders wertvoll f\u00fcr Therapeut:innen, die ihre Arbeit live zeigen und sich differenzieren m\u00f6chten.<\/p>\n\n\n\n<p>Mit vier j\u00e4hrlichen Terminen in St\u00e4dten wie Morges, Aigle, Freiburg und Genf (im Rahmen der Automnales) ist der Salon eine ideale Plattform, um mit einem interessierten Publikum in Verbindung zu treten.<\/p>\n\n\n\n<p>Jede Ausgabe vereint \u00fcber 100 Aussteller:innen, rund 40 praxisnahe Workshops und Dutzende von Expert:innen-gef\u00fchrten Vortr\u00e4gen. Bei der letzten Ausgabe in Morges vom 25. bis 27. April 2025 boten renommierte Redner:innen wie Luc Recordon, Professor Jacques Besson, Marie-Julia Guittier und David Perroud eine breite Palette an inspirierenden Konferenzen an.<\/p>\n\n\n\n<p>Diese Dynamik macht den&nbsp;<em>Salon Nat<\/em>&nbsp;zu einem einzigartigen Ort, um Ihre Praxis weiterzuentwickeln, Beziehungen mit zuk\u00fcnftigen Patient:innen aufzubauen und Ihre Sichtbarkeit bei einem gezielten Publikum zu erh\u00f6hen.<\/p>\n\n\n\n<h2 class=\"wp-block-heading\" id=\"heading-3\">Unsere Tipps f\u00fcr einen erfolgreichen Auftritt am Salon Nat<\/h2>\n\n\n\n<p>Damit Sie Ihren Messeauftritt am&nbsp;<em>Salon Nat<\/em>&nbsp;optimal nutzen k\u00f6nnen, hier einige praktische Tipps:<\/p>\n\n\n\n<ul class=\"wp-block-list\">\n<li>Bereiten Sie Ihren Stand im Voraus gut vor und starten Sie Ihre Kommunikation fr\u00fchzeitig.<\/li>\n\n\n\n<li>Planen Sie spannende und zu Ihrem Fachgebiet passende Demonstrationen, um Besucher:innen zu begeistern.<\/li>\n\n\n\n<li>Sammeln Sie die Kontaktdaten interessierter Personen, um auch nach dem Event in Verbindung zu bleiben.<\/li>\n<\/ul>\n\n\n\n<p>Wir freuen uns darauf, Sie vor Ort zu begr\u00fcssen!<\/p>\n\n\n\n<p><em>Dieser Artikel entstand in Partnerschaft mit dem Salon Nat \u2013 das Wesentliche f\u00fcr ein Leben im Einklang mit der Natur!<\/em><\/p>\n","protected":false},"excerpt":{"rendered":"<p>Wenn Sie diesen Artikel lesen, nutzen Sie vielleicht bereits digitale Tools wie [&hellip;]<\/p>\n","protected":false},"author":4,"featured_media":14773,"comment_status":"closed","ping_status":"closed","sticky":false,"template":"","format":"standard","meta":{"footnotes":""},"categories":[134],"tags":[288,399],"class_list":["post-14799","post","type-post","status-publish","format-standard","has-post-thumbnail","hentry","category-therapeuten","tag-erhohte-sichtbarkeit","tag-visibilite-accrue"],"yoast_head":"<!-- This site is optimized with the Yoast SEO Premium plugin v27.2 (Yoast SEO v27.5) - https:\/\/yoast.com\/product\/yoast-seo-premium-wordpress\/ -->\n<title>Therapeut:innen, macht mit bei Fachmessen in der Schweiz!<\/title>\n<meta name=\"description\" content=\"Nehmen Sie als Therapeut:in an Schweizer Fachmessen und Events teil und pr\u00e4sentieren Sie Ihre Methoden direkt dem Publikum!\" \/>\n<meta name=\"robots\" content=\"index, follow, max-snippet:-1, max-image-preview:large, max-video-preview:-1\" \/>\n<link rel=\"canonical\" href=\"https:\/\/info.onedoc.ch\/de\/blog\/therapeuten\/therapeut-treffen-fachmessen-schweiz\/\" \/>\n<meta property=\"og:locale\" content=\"de_DE\" \/>\n<meta property=\"og:type\" content=\"article\" \/>\n<meta property=\"og:title\" content=\"Therapeut:innen, macht mit bei Fachmessen in der Schweiz!\" \/>\n<meta property=\"og:description\" content=\"Nehmen Sie als Therapeut:in an Schweizer Fachmessen und Events teil und pr\u00e4sentieren Sie Ihre Methoden direkt dem Publikum!\" \/>\n<meta property=\"og:url\" content=\"https:\/\/info.onedoc.ch\/de\/blog\/therapeuten\/therapeut-treffen-fachmessen-schweiz\/\" \/>\n<meta property=\"og:site_name\" content=\"OneDoc Pro\" \/>\n<meta property=\"article:publisher\" content=\"https:\/\/www.facebook.com\/onedoc.ch\/\" \/>\n<meta property=\"article:published_time\" content=\"2025-07-02T04:52:47+00:00\" \/>\n<meta property=\"article:modified_time\" content=\"2025-07-02T08:05:17+00:00\" \/>\n<meta property=\"og:image\" content=\"https:\/\/info.onedoc.ch\/wp-content\/uploads\/2025\/07\/salon-therapies-naturelles.png\" \/>\n\t<meta property=\"og:image:width\" content=\"700\" \/>\n\t<meta property=\"og:image:height\" content=\"467\" \/>\n\t<meta property=\"og:image:type\" content=\"image\/png\" \/>\n<meta name=\"author\" content=\"Victoria Nover\" \/>\n<meta name=\"twitter:card\" content=\"summary_large_image\" \/>\n<meta name=\"twitter:title\" content=\"Therapeut:innen, macht mit bei Fachmessen in der Schweiz!\" \/>\n<meta name=\"twitter:description\" content=\"Nehmen Sie als Therapeut:in an Schweizer Fachmessen und Events teil und pr\u00e4sentieren Sie Ihre Methoden direkt dem Publikum!\" \/>\n<meta name=\"twitter:creator\" content=\"@onedoc_ch\" \/>\n<meta name=\"twitter:site\" content=\"@onedoc_ch\" \/>\n<meta name=\"twitter:label1\" content=\"Geschrieben von\" \/>\n\t<meta name=\"twitter:data1\" content=\"Victoria Nover\" \/>\n\t<meta name=\"twitter:label2\" content=\"Gesch\u00e4tzte Lesezeit\" \/>\n\t<meta name=\"twitter:data2\" content=\"4\u00a0Minute\" \/>\n<script type=\"application\/ld+json\" class=\"yoast-schema-graph\">{\"@context\":\"https:\\\/\\\/schema.org\",\"@graph\":[{\"@type\":[\"Article\",\"BlogPosting\"],\"@id\":\"https:\\\/\\\/info.onedoc.ch\\\/de\\\/blog\\\/therapeuten\\\/therapeut-treffen-fachmessen-schweiz\\\/#article\",\"isPartOf\":{\"@id\":\"https:\\\/\\\/info.onedoc.ch\\\/de\\\/blog\\\/therapeuten\\\/therapeut-treffen-fachmessen-schweiz\\\/\"},\"author\":{\"name\":\"Victoria Nover\",\"@id\":\"https:\\\/\\\/info.onedoc.ch\\\/de\\\/#\\\/schema\\\/person\\\/fa9ea006257198a701bc2d21cecbfe65\"},\"headline\":\"Salon Nat 2025: Therapeut:innen, treffen Sie Ihre Patient:innen auf Fachmessen in der Schweiz!\",\"datePublished\":\"2025-07-02T04:52:47+00:00\",\"dateModified\":\"2025-07-02T08:05:17+00:00\",\"mainEntityOfPage\":{\"@id\":\"https:\\\/\\\/info.onedoc.ch\\\/de\\\/blog\\\/therapeuten\\\/therapeut-treffen-fachmessen-schweiz\\\/\"},\"wordCount\":765,\"publisher\":{\"@id\":\"https:\\\/\\\/info.onedoc.ch\\\/de\\\/#organization\"},\"image\":{\"@id\":\"https:\\\/\\\/info.onedoc.ch\\\/de\\\/blog\\\/therapeuten\\\/therapeut-treffen-fachmessen-schweiz\\\/#primaryimage\"},\"thumbnailUrl\":\"https:\\\/\\\/info.onedoc.ch\\\/wp-content\\\/uploads\\\/2025\\\/07\\\/salon-therapies-naturelles.png\",\"keywords\":[\"Erh\u00f6hte Sichtbarkeit\",\"Visibilit\u00e9 accrue\"],\"articleSection\":[\"Komplement\u00e4rtherapeuten\"],\"inLanguage\":\"de-CH\"},{\"@type\":\"WebPage\",\"@id\":\"https:\\\/\\\/info.onedoc.ch\\\/de\\\/blog\\\/therapeuten\\\/therapeut-treffen-fachmessen-schweiz\\\/\",\"url\":\"https:\\\/\\\/info.onedoc.ch\\\/de\\\/blog\\\/therapeuten\\\/therapeut-treffen-fachmessen-schweiz\\\/\",\"name\":\"Therapeut:innen, macht mit bei Fachmessen in der Schweiz!\",\"isPartOf\":{\"@id\":\"https:\\\/\\\/info.onedoc.ch\\\/de\\\/#website\"},\"primaryImageOfPage\":{\"@id\":\"https:\\\/\\\/info.onedoc.ch\\\/de\\\/blog\\\/therapeuten\\\/therapeut-treffen-fachmessen-schweiz\\\/#primaryimage\"},\"image\":{\"@id\":\"https:\\\/\\\/info.onedoc.ch\\\/de\\\/blog\\\/therapeuten\\\/therapeut-treffen-fachmessen-schweiz\\\/#primaryimage\"},\"thumbnailUrl\":\"https:\\\/\\\/info.onedoc.ch\\\/wp-content\\\/uploads\\\/2025\\\/07\\\/salon-therapies-naturelles.png\",\"datePublished\":\"2025-07-02T04:52:47+00:00\",\"dateModified\":\"2025-07-02T08:05:17+00:00\",\"description\":\"Nehmen Sie als Therapeut:in an Schweizer Fachmessen und Events teil und pr\u00e4sentieren Sie Ihre Methoden direkt dem Publikum!\",\"inLanguage\":\"de-CH\",\"potentialAction\":[{\"@type\":\"ReadAction\",\"target\":[\"https:\\\/\\\/info.onedoc.ch\\\/de\\\/blog\\\/therapeuten\\\/therapeut-treffen-fachmessen-schweiz\\\/\"]}]},{\"@type\":\"ImageObject\",\"inLanguage\":\"de-CH\",\"@id\":\"https:\\\/\\\/info.onedoc.ch\\\/de\\\/blog\\\/therapeuten\\\/therapeut-treffen-fachmessen-schweiz\\\/#primaryimage\",\"url\":\"https:\\\/\\\/info.onedoc.ch\\\/wp-content\\\/uploads\\\/2025\\\/07\\\/salon-therapies-naturelles.png\",\"contentUrl\":\"https:\\\/\\\/info.onedoc.ch\\\/wp-content\\\/uploads\\\/2025\\\/07\\\/salon-therapies-naturelles.png\",\"width\":700,\"height\":467,\"caption\":\"Therapeuten, treffen Sie Ihre Patienten auf einer speziellen Messe in der Westschweiz!\"},{\"@type\":\"WebSite\",\"@id\":\"https:\\\/\\\/info.onedoc.ch\\\/de\\\/#website\",\"url\":\"https:\\\/\\\/info.onedoc.ch\\\/de\\\/\",\"name\":\"OneDoc Pro - Moins d\u2019administratif, plus de temps pour vos patients\",\"description\":\"L&#039;alli\u00e9 des professionnels de sant\u00e9 suisses au quotidien\",\"publisher\":{\"@id\":\"https:\\\/\\\/info.onedoc.ch\\\/de\\\/#organization\"},\"alternateName\":\"OneDoc Pro\",\"potentialAction\":[{\"@type\":\"SearchAction\",\"target\":{\"@type\":\"EntryPoint\",\"urlTemplate\":\"https:\\\/\\\/info.onedoc.ch\\\/de\\\/?s={search_term_string}\"},\"query-input\":{\"@type\":\"PropertyValueSpecification\",\"valueRequired\":true,\"valueName\":\"search_term_string\"}}],\"inLanguage\":\"de-CH\"},{\"@type\":\"Organization\",\"@id\":\"https:\\\/\\\/info.onedoc.ch\\\/de\\\/#organization\",\"name\":\"OneDoc\",\"alternateName\":\"OneDoc.ch\",\"url\":\"https:\\\/\\\/info.onedoc.ch\\\/de\\\/\",\"logo\":{\"@type\":\"ImageObject\",\"inLanguage\":\"de-CH\",\"@id\":\"https:\\\/\\\/info.onedoc.ch\\\/de\\\/#\\\/schema\\\/logo\\\/image\\\/\",\"url\":\"https:\\\/\\\/info.onedoc.ch\\\/wp-content\\\/uploads\\\/2025\\\/06\\\/doki-logo.png\",\"contentUrl\":\"https:\\\/\\\/info.onedoc.ch\\\/wp-content\\\/uploads\\\/2025\\\/06\\\/doki-logo.png\",\"width\":2134,\"height\":2134,\"caption\":\"OneDoc\"},\"image\":{\"@id\":\"https:\\\/\\\/info.onedoc.ch\\\/de\\\/#\\\/schema\\\/logo\\\/image\\\/\"},\"sameAs\":[\"https:\\\/\\\/www.facebook.com\\\/onedoc.ch\\\/\",\"https:\\\/\\\/x.com\\\/onedoc_ch\",\"https:\\\/\\\/www.instagram.com\\\/onedoc.ch\\\/\",\"https:\\\/\\\/www.linkedin.com\\\/company\\\/onedoc.ch\\\/\",\"https:\\\/\\\/www.youtube.com\\\/channel\\\/UCWnlE63em_m8ZioBA5n8Z6w\"],\"description\":\"OneDoc est la plateforme leader en Suisse pour la r\u00e9servation de rendez-vous m\u00e9dicaux. Les patients peuvent rechercher des milliers de professionnels de la sant\u00e9 suisses (m\u00e9decins, dentistes et th\u00e9rapeutes) et r\u00e9server un rendez-vous sur place ou une consultation vid\u00e9o en quelques clics, 24 heures sur 24.\",\"legalName\":\"OneDoc SA\",\"foundingDate\":\"2016-12-31\",\"numberOfEmployees\":{\"@type\":\"QuantitativeValue\",\"minValue\":\"51\",\"maxValue\":\"200\"}},{\"@type\":\"Person\",\"@id\":\"https:\\\/\\\/info.onedoc.ch\\\/de\\\/#\\\/schema\\\/person\\\/fa9ea006257198a701bc2d21cecbfe65\",\"name\":\"Victoria Nover\",\"image\":{\"@type\":\"ImageObject\",\"inLanguage\":\"de-CH\",\"@id\":\"https:\\\/\\\/secure.gravatar.com\\\/avatar\\\/c0f865e62f53fe4c47715bcef8c2935789b3ffdea88f17952c4e53ef87d4e4b3?s=96&d=mm&r=g\",\"url\":\"https:\\\/\\\/secure.gravatar.com\\\/avatar\\\/c0f865e62f53fe4c47715bcef8c2935789b3ffdea88f17952c4e53ef87d4e4b3?s=96&d=mm&r=g\",\"contentUrl\":\"https:\\\/\\\/secure.gravatar.com\\\/avatar\\\/c0f865e62f53fe4c47715bcef8c2935789b3ffdea88f17952c4e53ef87d4e4b3?s=96&d=mm&r=g\",\"caption\":\"Victoria Nover\"}}]}<\/script>\n<!-- \/ Yoast SEO Premium plugin. -->","yoast_head_json":{"title":"Therapeut:innen, macht mit bei Fachmessen in der Schweiz!","description":"Nehmen Sie als Therapeut:in an Schweizer Fachmessen und Events teil und pr\u00e4sentieren Sie Ihre Methoden direkt dem Publikum!","robots":{"index":"index","follow":"follow","max-snippet":"max-snippet:-1","max-image-preview":"max-image-preview:large","max-video-preview":"max-video-preview:-1"},"canonical":"https:\/\/info.onedoc.ch\/de\/blog\/therapeuten\/therapeut-treffen-fachmessen-schweiz\/","og_locale":"de_DE","og_type":"article","og_title":"Therapeut:innen, macht mit bei Fachmessen in der Schweiz!","og_description":"Nehmen Sie als Therapeut:in an Schweizer Fachmessen und Events teil und pr\u00e4sentieren Sie Ihre Methoden direkt dem Publikum!","og_url":"https:\/\/info.onedoc.ch\/de\/blog\/therapeuten\/therapeut-treffen-fachmessen-schweiz\/","og_site_name":"OneDoc Pro","article_publisher":"https:\/\/www.facebook.com\/onedoc.ch\/","article_published_time":"2025-07-02T04:52:47+00:00","article_modified_time":"2025-07-02T08:05:17+00:00","og_image":[{"width":700,"height":467,"url":"https:\/\/info.onedoc.ch\/wp-content\/uploads\/2025\/07\/salon-therapies-naturelles.png","type":"image\/png"}],"author":"Victoria Nover","twitter_card":"summary_large_image","twitter_title":"Therapeut:innen, macht mit bei Fachmessen in der Schweiz!","twitter_description":"Nehmen Sie als Therapeut:in an Schweizer Fachmessen und Events teil und pr\u00e4sentieren Sie Ihre Methoden direkt dem Publikum!","twitter_creator":"@onedoc_ch","twitter_site":"@onedoc_ch","twitter_misc":{"Geschrieben von":"Victoria Nover","Gesch\u00e4tzte Lesezeit":"4\u00a0Minute"},"schema":{"@context":"https:\/\/schema.org","@graph":[{"@type":["Article","BlogPosting"],"@id":"https:\/\/info.onedoc.ch\/de\/blog\/therapeuten\/therapeut-treffen-fachmessen-schweiz\/#article","isPartOf":{"@id":"https:\/\/info.onedoc.ch\/de\/blog\/therapeuten\/therapeut-treffen-fachmessen-schweiz\/"},"author":{"name":"Victoria Nover","@id":"https:\/\/info.onedoc.ch\/de\/#\/schema\/person\/fa9ea006257198a701bc2d21cecbfe65"},"headline":"Salon Nat 2025: Therapeut:innen, treffen Sie Ihre Patient:innen auf Fachmessen in der Schweiz!","datePublished":"2025-07-02T04:52:47+00:00","dateModified":"2025-07-02T08:05:17+00:00","mainEntityOfPage":{"@id":"https:\/\/info.onedoc.ch\/de\/blog\/therapeuten\/therapeut-treffen-fachmessen-schweiz\/"},"wordCount":765,"publisher":{"@id":"https:\/\/info.onedoc.ch\/de\/#organization"},"image":{"@id":"https:\/\/info.onedoc.ch\/de\/blog\/therapeuten\/therapeut-treffen-fachmessen-schweiz\/#primaryimage"},"thumbnailUrl":"https:\/\/info.onedoc.ch\/wp-content\/uploads\/2025\/07\/salon-therapies-naturelles.png","keywords":["Erh\u00f6hte Sichtbarkeit","Visibilit\u00e9 accrue"],"articleSection":["Komplement\u00e4rtherapeuten"],"inLanguage":"de-CH"},{"@type":"WebPage","@id":"https:\/\/info.onedoc.ch\/de\/blog\/therapeuten\/therapeut-treffen-fachmessen-schweiz\/","url":"https:\/\/info.onedoc.ch\/de\/blog\/therapeuten\/therapeut-treffen-fachmessen-schweiz\/","name":"Therapeut:innen, macht mit bei Fachmessen in der Schweiz!","isPartOf":{"@id":"https:\/\/info.onedoc.ch\/de\/#website"},"primaryImageOfPage":{"@id":"https:\/\/info.onedoc.ch\/de\/blog\/therapeuten\/therapeut-treffen-fachmessen-schweiz\/#primaryimage"},"image":{"@id":"https:\/\/info.onedoc.ch\/de\/blog\/therapeuten\/therapeut-treffen-fachmessen-schweiz\/#primaryimage"},"thumbnailUrl":"https:\/\/info.onedoc.ch\/wp-content\/uploads\/2025\/07\/salon-therapies-naturelles.png","datePublished":"2025-07-02T04:52:47+00:00","dateModified":"2025-07-02T08:05:17+00:00","description":"Nehmen Sie als Therapeut:in an Schweizer Fachmessen und Events teil und pr\u00e4sentieren Sie Ihre Methoden direkt dem Publikum!","inLanguage":"de-CH","potentialAction":[{"@type":"ReadAction","target":["https:\/\/info.onedoc.ch\/de\/blog\/therapeuten\/therapeut-treffen-fachmessen-schweiz\/"]}]},{"@type":"ImageObject","inLanguage":"de-CH","@id":"https:\/\/info.onedoc.ch\/de\/blog\/therapeuten\/therapeut-treffen-fachmessen-schweiz\/#primaryimage","url":"https:\/\/info.onedoc.ch\/wp-content\/uploads\/2025\/07\/salon-therapies-naturelles.png","contentUrl":"https:\/\/info.onedoc.ch\/wp-content\/uploads\/2025\/07\/salon-therapies-naturelles.png","width":700,"height":467,"caption":"Therapeuten, treffen Sie Ihre Patienten auf einer speziellen Messe in der Westschweiz!"},{"@type":"WebSite","@id":"https:\/\/info.onedoc.ch\/de\/#website","url":"https:\/\/info.onedoc.ch\/de\/","name":"OneDoc Pro - Moins d\u2019administratif, plus de temps pour vos patients","description":"L&#039;alli\u00e9 des professionnels de sant\u00e9 suisses au quotidien","publisher":{"@id":"https:\/\/info.onedoc.ch\/de\/#organization"},"alternateName":"OneDoc Pro","potentialAction":[{"@type":"SearchAction","target":{"@type":"EntryPoint","urlTemplate":"https:\/\/info.onedoc.ch\/de\/?s={search_term_string}"},"query-input":{"@type":"PropertyValueSpecification","valueRequired":true,"valueName":"search_term_string"}}],"inLanguage":"de-CH"},{"@type":"Organization","@id":"https:\/\/info.onedoc.ch\/de\/#organization","name":"OneDoc","alternateName":"OneDoc.ch","url":"https:\/\/info.onedoc.ch\/de\/","logo":{"@type":"ImageObject","inLanguage":"de-CH","@id":"https:\/\/info.onedoc.ch\/de\/#\/schema\/logo\/image\/","url":"https:\/\/info.onedoc.ch\/wp-content\/uploads\/2025\/06\/doki-logo.png","contentUrl":"https:\/\/info.onedoc.ch\/wp-content\/uploads\/2025\/06\/doki-logo.png","width":2134,"height":2134,"caption":"OneDoc"},"image":{"@id":"https:\/\/info.onedoc.ch\/de\/#\/schema\/logo\/image\/"},"sameAs":["https:\/\/www.facebook.com\/onedoc.ch\/","https:\/\/x.com\/onedoc_ch","https:\/\/www.instagram.com\/onedoc.ch\/","https:\/\/www.linkedin.com\/company\/onedoc.ch\/","https:\/\/www.youtube.com\/channel\/UCWnlE63em_m8ZioBA5n8Z6w"],"description":"OneDoc est la plateforme leader en Suisse pour la r\u00e9servation de rendez-vous m\u00e9dicaux. Les patients peuvent rechercher des milliers de professionnels de la sant\u00e9 suisses (m\u00e9decins, dentistes et th\u00e9rapeutes) et r\u00e9server un rendez-vous sur place ou une consultation vid\u00e9o en quelques clics, 24 heures sur 24.","legalName":"OneDoc SA","foundingDate":"2016-12-31","numberOfEmployees":{"@type":"QuantitativeValue","minValue":"51","maxValue":"200"}},{"@type":"Person","@id":"https:\/\/info.onedoc.ch\/de\/#\/schema\/person\/fa9ea006257198a701bc2d21cecbfe65","name":"Victoria Nover","image":{"@type":"ImageObject","inLanguage":"de-CH","@id":"https:\/\/secure.gravatar.com\/avatar\/c0f865e62f53fe4c47715bcef8c2935789b3ffdea88f17952c4e53ef87d4e4b3?s=96&d=mm&r=g","url":"https:\/\/secure.gravatar.com\/avatar\/c0f865e62f53fe4c47715bcef8c2935789b3ffdea88f17952c4e53ef87d4e4b3?s=96&d=mm&r=g","contentUrl":"https:\/\/secure.gravatar.com\/avatar\/c0f865e62f53fe4c47715bcef8c2935789b3ffdea88f17952c4e53ef87d4e4b3?s=96&d=mm&r=g","caption":"Victoria Nover"}}]}},"_links":{"self":[{"href":"https:\/\/info.onedoc.ch\/de\/wp-json\/wp\/v2\/posts\/14799","targetHints":{"allow":["GET"]}}],"collection":[{"href":"https:\/\/info.onedoc.ch\/de\/wp-json\/wp\/v2\/posts"}],"about":[{"href":"https:\/\/info.onedoc.ch\/de\/wp-json\/wp\/v2\/types\/post"}],"author":[{"embeddable":true,"href":"https:\/\/info.onedoc.ch\/de\/wp-json\/wp\/v2\/users\/4"}],"replies":[{"embeddable":true,"href":"https:\/\/info.onedoc.ch\/de\/wp-json\/wp\/v2\/comments?post=14799"}],"version-history":[{"count":1,"href":"https:\/\/info.onedoc.ch\/de\/wp-json\/wp\/v2\/posts\/14799\/revisions"}],"predecessor-version":[{"id":14801,"href":"https:\/\/info.onedoc.ch\/de\/wp-json\/wp\/v2\/posts\/14799\/revisions\/14801"}],"wp:featuredmedia":[{"embeddable":true,"href":"https:\/\/info.onedoc.ch\/de\/wp-json\/wp\/v2\/media\/14773"}],"wp:attachment":[{"href":"https:\/\/info.onedoc.ch\/de\/wp-json\/wp\/v2\/media?parent=14799"}],"wp:term":[{"taxonomy":"category","embeddable":true,"href":"https:\/\/info.onedoc.ch\/de\/wp-json\/wp\/v2\/categories?post=14799"},{"taxonomy":"post_tag","embeddable":true,"href":"https:\/\/info.onedoc.ch\/de\/wp-json\/wp\/v2\/tags?post=14799"}],"curies":[{"name":"wp","href":"https:\/\/api.w.org\/{rel}","templated":true}]}}