{"id":14541,"date":"2025-06-30T14:43:28","date_gmt":"2025-06-30T12:43:28","guid":{"rendered":"https:\/\/info.1doc.ch\/changement-tarifaire-en-physiotherapie-2025\/"},"modified":"2025-10-09T21:39:51","modified_gmt":"2025-10-09T19:39:51","slug":"physiotherapie-tarif-aenderung-2025","status":"publish","type":"post","link":"https:\/\/info.onedoc.ch\/de\/blog\/physiotherapeuten\/physiotherapie-tarif-aenderung-2025\/","title":{"rendered":"Alles was Sie zu den \u00c4nderungen im Physiotherapie Tarif 2025 wissen m\u00fcssen"},"content":{"rendered":"<div class=\"wpb-content-wrapper\"><p>[vc_row gap=&#8221;10&#8243; kd_background_image_position=&#8221;vc_row-bg-position-top&#8221;][vc_column][vc_column_text css=&#8221;&#8221;]Seit dem 1. Juli 2025 wurde eine <strong>weitreichende Reform der Abrechnung physiotherapeutischer Leistungen in der Schweiz<\/strong> eingef\u00fchrt. Diese \u00c4nderung betrifft direkt Physiotherapeut:innen, aber auch Patient:innen und Versicherungen. Diese Entwicklungen zu verstehen, ist essenziell, um einen reibungslosen \u00dcbergang zu gew\u00e4hrleisten und Abrechnungsfehler zu vermeiden.[\/vc_column_text][vc_column_text css=&#8221;.vc_custom_1759819283787{margin-top: 50px !important;margin-bottom: 50px !important;}&#8221;]<\/p>\r\n<p style=\"text-align: center; font-size: 25px;\">\ud83e\uddfe <a href=\"https:\/\/info.onedoc.ch\/de\/invoice\/tarif-physiotherapie\/\">Entdecken Sie das OneDoc Pro Abrechnungsmodul f\u00fcr den Physiotherapie Tarif<\/a><\/p>\r\n<p>[\/vc_column_text]<header class=\"kd-section-title col-lg-12 text-left  subtitle-below-title  btf-q  vc_custom_1757929424863\" ><h2 class=\"separator_off\" >Welche Tarif\u00e4nderungen gibt es 2025 in der Physiotherapie?<\/h2><\/header>[vc_column_text css=&#8221;.vc_custom_1757929591696{margin-bottom: 50px !important;}&#8221; el_class=&#8221;btf-a&#8221;]<\/p>\r\n<p>Der neue Tarif Physio 2025 definiert mehrere Aspekte der Abrechnung neu:<\/p>\r\n<ul>\r\n<li><strong>Neue Nomenklatur<\/strong> der Tarifpositionen<\/li>\r\n<li>Anpassung von <strong>Dauer<\/strong> und <strong>Erstattungsbedingungen<\/strong><\/li>\r\n<li><strong>Harmonisierung der Codes<\/strong>, um Interpretationsunterschiede zwischen Kassen zu reduzieren<\/li>\r\n<li>Pflicht zur Verwendung der neuen Referenzen f\u00fcr alle Rechnungen, die nach dem 1. Juli 2025 ausgestellt werden<\/li>\r\n<\/ul>\r\n<p>[\/vc_column_text]<header class=\"kd-section-title col-lg-12 text-left  subtitle-below-title    vc_custom_1757929710217\" ><h2 class=\"separator_off\" >Was \u00e4ndert sich f\u00fcr Physiotherapeut:innen?<\/h2><\/header>[vc_column_text css=&#8221;.vc_custom_1757929741464{margin-bottom: 50px !important;}&#8221;]<\/p>\r\n<ul>\r\n<li><strong>Verpflichtende Anpassung der Rechnungen<\/strong>: Alle Sitzungen m\u00fcssen nach den neuen Tarifpositionen abgerechnet werden.<\/li>\r\n<li><strong>Fehlerrisiko<\/strong>: Die Nutzung des alten Systems kann zu Ablehnungen durch die Kassen f\u00fchren.<\/li>\r\n<li><strong>Software-Updates<\/strong>: Die meisten Verwaltungsl\u00f6sungen integrieren diese \u00c4nderungen bereits, dennoch ist es entscheidend zu pr\u00fcfen, dass das Abrechnungsmodul wirklich aktuell ist.<\/li>\r\n<\/ul>\r\n<p>[\/vc_column_text]<header class=\"kd-section-title col-lg-12 text-left  subtitle-below-title    vc_custom_1757929773001\" ><h2 class=\"separator_off\" >Welche Auswirkungen haben die Tarif\u00e4nderungen f\u00fcr Patient:innen?<\/h2><\/header>[vc_column_text css=&#8221;.vc_custom_1757929790035{margin-bottom: 50px !important;}&#8221;]F\u00fcr Patient:innen <strong>bleiben die Leistungen gedeckt, doch die Darstellung der Rechnungen ver\u00e4ndert sich<\/strong>. Sitzungen erscheinen nun unter neuen Tarifreferenzen, was Fragen aufwerfen kann. Physiotherapeut:innen sollten ihre Patient:innen daher \u00fcber diese \u00c4nderungen informieren, um Transparenz zu wahren.[\/vc_column_text][vc_row_inner equal_height=&#8221;yes&#8221; content_placement=&#8221;middle&#8221; kd_background_image_position=&#8221;vc_row-bg-position-top&#8221; kd_background_overlay=&#8221;true&#8221; css=&#8221;.vc_custom_1757663803556{margin-top: 50px !important;margin-bottom: 50px !important;padding-top: 30px !important;padding-bottom: 30px !important;border-radius: 10px !important;}&#8221;][vc_column_inner width=&#8221;1\/3&#8243; offset=&#8221;vc_hidden-xs&#8221;][vc_single_image image=&#8221;21426&#8243; img_size=&#8221;&#8221; alignment=&#8221;center&#8221; css=&#8221;&#8221;][\/vc_column_inner][vc_column_inner width=&#8221;2\/3&#8243;]<header class=\"kd-section-title col-lg-12 text-left  subtitle-below-title   \" ><h4 class=\"separator_off\" >Rechnen Sie nach Tarif Physio mit wenigen Klicks ab<\/h4><\/header>[vc_column_text css=&#8221;&#8221;]<\/p>\r\n<table style=\"width: 100%; border: none;\">\r\n<tbody style=\"border: none;\">\r\n<tr style=\"border: none;\">\r\n<td style=\"border: none;\">\u2705 <a href=\"https:\/\/info.onedoc.ch\/de\/invoice\/qr-rechnung\/\">QR-Rechnungen<\/a><\/td>\r\n<td style=\"border: none;\">\u2705 <a href=\"https:\/\/info.onedoc.ch\/de\/invoice\/automatischer-zahlungsabgleich\/\">Bankabgleich<\/a><\/td>\r\n<\/tr>\r\n<tr style=\"border: none;\">\r\n<td style=\"border: none;\">\u2705 <a href=\"https:\/\/info.onedoc.ch\/de\/invoice\/zahlungserinnerungen\/\">Zahlungserinnerungen<\/a><\/td>\r\n<td style=\"border: none;\">\u2705 <a href=\"https:\/\/info.onedoc.ch\/de\/invoice\/jahresabschluessen\/\">Buchhaltungsabschl\u00fcsse<\/a><\/td>\r\n<\/tr>\r\n<\/tbody>\r\n<\/table>\r\n<p>[\/vc_column_text]<a  href=\"\"    class=\"tt_button tt_primary_button btn_primary_color hover_solid_secondary btn-align-left button-action-link    popmake-18609\" ><span class=\"prim_text\">Eine Demo anfordern<\/span><\/a>[\/vc_column_inner][\/vc_row_inner]<header class=\"kd-section-title col-lg-12 text-left  subtitle-below-title    vc_custom_1757929603449\" ><h2 class=\"separator_off\" >\u00dcbersichtstabelle der Tarif\u00e4nderungen 2025<\/h2><\/header>[vc_column_text css=&#8221;.vc_custom_1757930332272{margin-bottom: 50px !important;}&#8221;]<\/p>\r\n<figure class=\"wp-block-table\">\r\n<table class=\"has-fixed-layout\">\r\n<thead>\r\n<tr>\r\n<th><strong>Leistungsart<\/strong><\/th>\r\n<th><strong>Aktuelle Abrechnung<\/strong><\/th>\r\n<th><strong>Neue Abrechnung ab dem 1. Juli 2025<\/strong><\/th>\r\n<\/tr>\r\n<\/thead>\r\n<tbody>\r\n<tr>\r\n<td>Standardbehandlung<\/td>\r\n<td>Pauschale<\/td>\r\n<td>Abrechnung in 5-Minuten-Einheiten<\/td>\r\n<\/tr>\r\n<tr>\r\n<td>Leistungen in Abwesenheit des\/der Patient:in<\/td>\r\n<td>Nicht verg\u00fctet<\/td>\r\n<td>Jetzt verg\u00fctet<\/td>\r\n<\/tr>\r\n<tr>\r\n<td>Videosprechstunde<\/td>\r\n<td>Nicht verg\u00fctet<\/td>\r\n<td>Jetzt verg\u00fctet<\/td>\r\n<\/tr>\r\n<tr>\r\n<td>Therapien in speziellen Einrichtungen<\/td>\r\n<td>Pauschal oder nicht verg\u00fctet<\/td>\r\n<td>Verg\u00fctet mit spezifischen Zuschl\u00e4gen<\/td>\r\n<\/tr>\r\n<tr>\r\n<td>Medizinisch-therapeutisches Training (MTT)<\/td>\r\n<td>Pauschal oder nicht verg\u00fctet<\/td>\r\n<td>Verg\u00fctet mit spezifischem Zuschlag<\/td>\r\n<\/tr>\r\n<tr>\r\n<td>Behandlung mit zwei Physiotherapeut:innen<\/td>\r\n<td>Nicht verg\u00fctet<\/td>\r\n<td>Verg\u00fctet mit Zuschlag<\/td>\r\n<\/tr>\r\n<\/tbody>\r\n<\/table>\r\n<\/figure>\r\n<p>[\/vc_column_text]<header class=\"kd-section-title col-lg-12 text-left  subtitle-below-title    vc_custom_1757929908137\" ><h2 class=\"separator_off\" >Die Rolle digitaler Tools in der Physiotherapie-Abrechnung 2025<\/h2><\/header>[vc_column_text css=&#8221;.vc_custom_1757930437629{margin-bottom: 50px !important;}&#8221;]<\/p>\r\n<p>Die Reform unterstreicht die Bedeutung geeigneter Tools. <a href=\"https:\/\/info.onedoc.ch\/de\/fachgebiet\/physiotherapeut\/\">Mit OneDoc Pro verf\u00fcgen Physiotherapeut:innen<\/a> \u00fcber ein konformes Abrechnungsmodul, das die Tarif\u00e4nderungen automatisch integriert und zugleich die <a href=\"https:\/\/info.onedoc.ch\/de\/hub\/online-buchung\/\">Online-Terminbuchung<\/a> sowie die <a href=\"https:\/\/info.onedoc.ch\/de\/visio\/videosprechstundenmodul\/\">Videosprechstunde<\/a> bietet \u2013 so wird die Praxis \u00fcber die reine Abrechnung hinaus optimiert.<\/p>\r\n<p>[\/vc_column_text][vc_column_text css=&#8221;.vc_custom_1757930955327{margin-top: 50px !important;margin-bottom: 50px !important;}&#8221;]<\/p>\r\n<p style=\"text-align: center; font-size: 25px;\">\ud83d\udc49 <a href=\"https:\/\/info.onedoc.ch\/de\/onedoc-pro-entdecken\/\">Sprechen Sie mit unseren Expert:innen und entdecken Sie OneDoc Pro f\u00fcr Physiotherapeut:innen<\/a><\/p>\r\n<p>[\/vc_column_text][vc_column_text css=&#8221;.vc_custom_1757930445996{margin-bottom: 50px !important;}&#8221;]<\/p>\r\n<p><strong>Quelle:<\/strong><\/p>\r\n<!-- \/wp:post-content -->\r\n<p><!-- wp:paragraph --><a href=\"https:\/\/physioswiss.ch\/fr\/tarifs\/nouvelle-convention-tarifaire-aa-am-ai\/#changement-de-tarif\">PhysioSwiss \u2013 Tarif\u00e4nderung<\/a><\/p>\r\n<p>[\/vc_column_text][\/vc_column][\/vc_row]<\/p>\r\n<\/div>","protected":false},"excerpt":{"rendered":"<p>[vc_row gap=&#8221;10&#8243; kd_background_image_position=&#8221;vc_row-bg-position-top&#8221;][vc_column][vc_column_text css=&#8221;&#8221;]Seit dem 1. Juli 2025 wurde eine weitreichende Reform [&hellip;]<\/p>\n","protected":false},"author":4,"featured_media":14504,"comment_status":"closed","ping_status":"closed","sticky":false,"template":"","format":"standard","meta":{"footnotes":""},"categories":[116],"tags":[270,380],"class_list":["post-14541","post","type-post","status-publish","format-standard","has-post-thumbnail","hentry","category-physiotherapeuten","tag-abrechnungen","tag-physio-tarif"],"yoast_head":"<!-- This site is optimized with the Yoast SEO Premium plugin v27.2 (Yoast SEO v27.5) - https:\/\/yoast.com\/product\/yoast-seo-premium-wordpress\/ -->\n<title>\u00c4nderungen im Physiotherapie Tarif 2025<\/title>\n<meta name=\"description\" content=\"Erfahren Sie mehr \u00fcber die wichtigsten \u00c4nderungen des Physiotherapie-Tarifs, die ab dem 1. Juli 2025 gelten.\" \/>\n<meta name=\"robots\" content=\"index, follow, max-snippet:-1, max-image-preview:large, max-video-preview:-1\" \/>\n<link rel=\"canonical\" href=\"https:\/\/info.onedoc.ch\/de\/blog\/physiotherapeuten\/physiotherapie-tarif-aenderung-2025\/\" \/>\n<meta property=\"og:locale\" content=\"de_DE\" \/>\n<meta property=\"og:type\" content=\"article\" \/>\n<meta property=\"og:title\" content=\"\u00c4nderungen im Physiotherapie Tarif 2025\" \/>\n<meta property=\"og:description\" content=\"Erfahren Sie mehr \u00fcber die wichtigsten \u00c4nderungen des Physiotherapie-Tarifs, die ab dem 1. Juli 2025 gelten.\" \/>\n<meta property=\"og:url\" content=\"https:\/\/info.onedoc.ch\/de\/blog\/physiotherapeuten\/physiotherapie-tarif-aenderung-2025\/\" \/>\n<meta property=\"og:site_name\" content=\"OneDoc Pro\" \/>\n<meta property=\"article:publisher\" content=\"https:\/\/www.facebook.com\/onedoc.ch\/\" \/>\n<meta property=\"article:published_time\" content=\"2025-06-30T12:43:28+00:00\" \/>\n<meta property=\"article:modified_time\" content=\"2025-10-09T19:39:51+00:00\" \/>\n<meta property=\"og:image\" content=\"https:\/\/info.onedoc.ch\/wp-content\/uploads\/2025\/06\/changement-tarifaire-en-physiotherapie-2025.jpg\" \/>\n\t<meta property=\"og:image:width\" content=\"1500\" \/>\n\t<meta property=\"og:image:height\" content=\"1000\" \/>\n\t<meta property=\"og:image:type\" content=\"image\/jpeg\" \/>\n<meta name=\"author\" content=\"Victoria Nover\" \/>\n<meta name=\"twitter:card\" content=\"summary_large_image\" \/>\n<meta name=\"twitter:title\" content=\"\u00c4nderungen im Physiotherapie Tarif 2025\" \/>\n<meta name=\"twitter:description\" content=\"Erfahren Sie mehr \u00fcber die wichtigsten \u00c4nderungen des Physiotherapie-Tarifs, die ab dem 1. Juli 2025 gelten.\" \/>\n<meta name=\"twitter:creator\" content=\"@onedoc_ch\" \/>\n<meta name=\"twitter:site\" content=\"@onedoc_ch\" \/>\n<meta name=\"twitter:label1\" content=\"Geschrieben von\" \/>\n\t<meta name=\"twitter:data1\" content=\"Victoria Nover\" \/>\n\t<meta name=\"twitter:label2\" content=\"Gesch\u00e4tzte Lesezeit\" \/>\n\t<meta name=\"twitter:data2\" content=\"3\u00a0Minute\" \/>\n<script type=\"application\/ld+json\" class=\"yoast-schema-graph\">{\"@context\":\"https:\\\/\\\/schema.org\",\"@graph\":[{\"@type\":[\"Article\",\"BlogPosting\"],\"@id\":\"https:\\\/\\\/info.onedoc.ch\\\/de\\\/blog\\\/physiotherapeuten\\\/physiotherapie-tarif-aenderung-2025\\\/#article\",\"isPartOf\":{\"@id\":\"https:\\\/\\\/info.onedoc.ch\\\/de\\\/blog\\\/physiotherapeuten\\\/physiotherapie-tarif-aenderung-2025\\\/\"},\"author\":{\"name\":\"Victoria Nover\",\"@id\":\"https:\\\/\\\/info.onedoc.ch\\\/de\\\/#\\\/schema\\\/person\\\/fa9ea006257198a701bc2d21cecbfe65\"},\"headline\":\"Alles was Sie zu den \u00c4nderungen im Physiotherapie Tarif 2025 wissen m\u00fcssen\",\"datePublished\":\"2025-06-30T12:43:28+00:00\",\"dateModified\":\"2025-10-09T19:39:51+00:00\",\"mainEntityOfPage\":{\"@id\":\"https:\\\/\\\/info.onedoc.ch\\\/de\\\/blog\\\/physiotherapeuten\\\/physiotherapie-tarif-aenderung-2025\\\/\"},\"wordCount\":851,\"publisher\":{\"@id\":\"https:\\\/\\\/info.onedoc.ch\\\/de\\\/#organization\"},\"image\":{\"@id\":\"https:\\\/\\\/info.onedoc.ch\\\/de\\\/blog\\\/physiotherapeuten\\\/physiotherapie-tarif-aenderung-2025\\\/#primaryimage\"},\"thumbnailUrl\":\"https:\\\/\\\/info.onedoc.ch\\\/wp-content\\\/uploads\\\/2025\\\/06\\\/changement-tarifaire-en-physiotherapie-2025.jpg\",\"keywords\":[\"Abrechnungen\",\"Physio Tarif\"],\"articleSection\":[\"Physiotherapeuten\"],\"inLanguage\":\"de-CH\"},{\"@type\":\"WebPage\",\"@id\":\"https:\\\/\\\/info.onedoc.ch\\\/de\\\/blog\\\/physiotherapeuten\\\/physiotherapie-tarif-aenderung-2025\\\/\",\"url\":\"https:\\\/\\\/info.onedoc.ch\\\/de\\\/blog\\\/physiotherapeuten\\\/physiotherapie-tarif-aenderung-2025\\\/\",\"name\":\"\u00c4nderungen im Physiotherapie Tarif 2025\",\"isPartOf\":{\"@id\":\"https:\\\/\\\/info.onedoc.ch\\\/de\\\/#website\"},\"primaryImageOfPage\":{\"@id\":\"https:\\\/\\\/info.onedoc.ch\\\/de\\\/blog\\\/physiotherapeuten\\\/physiotherapie-tarif-aenderung-2025\\\/#primaryimage\"},\"image\":{\"@id\":\"https:\\\/\\\/info.onedoc.ch\\\/de\\\/blog\\\/physiotherapeuten\\\/physiotherapie-tarif-aenderung-2025\\\/#primaryimage\"},\"thumbnailUrl\":\"https:\\\/\\\/info.onedoc.ch\\\/wp-content\\\/uploads\\\/2025\\\/06\\\/changement-tarifaire-en-physiotherapie-2025.jpg\",\"datePublished\":\"2025-06-30T12:43:28+00:00\",\"dateModified\":\"2025-10-09T19:39:51+00:00\",\"description\":\"Erfahren Sie mehr \u00fcber die wichtigsten \u00c4nderungen des Physiotherapie-Tarifs, die ab dem 1. Juli 2025 gelten.\",\"inLanguage\":\"de-CH\",\"potentialAction\":[{\"@type\":\"ReadAction\",\"target\":[\"https:\\\/\\\/info.onedoc.ch\\\/de\\\/blog\\\/physiotherapeuten\\\/physiotherapie-tarif-aenderung-2025\\\/\"]}]},{\"@type\":\"ImageObject\",\"inLanguage\":\"de-CH\",\"@id\":\"https:\\\/\\\/info.onedoc.ch\\\/de\\\/blog\\\/physiotherapeuten\\\/physiotherapie-tarif-aenderung-2025\\\/#primaryimage\",\"url\":\"https:\\\/\\\/info.onedoc.ch\\\/wp-content\\\/uploads\\\/2025\\\/06\\\/changement-tarifaire-en-physiotherapie-2025.jpg\",\"contentUrl\":\"https:\\\/\\\/info.onedoc.ch\\\/wp-content\\\/uploads\\\/2025\\\/06\\\/changement-tarifaire-en-physiotherapie-2025.jpg\",\"width\":1500,\"height\":1000,\"caption\":\"Alle \u00c4nderungen den Physiotherapie Tarifs in der Schweiz\"},{\"@type\":\"WebSite\",\"@id\":\"https:\\\/\\\/info.onedoc.ch\\\/de\\\/#website\",\"url\":\"https:\\\/\\\/info.onedoc.ch\\\/de\\\/\",\"name\":\"OneDoc Pro - Moins d\u2019administratif, plus de temps pour vos patients\",\"description\":\"L&#039;alli\u00e9 des professionnels de sant\u00e9 suisses au quotidien\",\"publisher\":{\"@id\":\"https:\\\/\\\/info.onedoc.ch\\\/de\\\/#organization\"},\"alternateName\":\"OneDoc Pro\",\"potentialAction\":[{\"@type\":\"SearchAction\",\"target\":{\"@type\":\"EntryPoint\",\"urlTemplate\":\"https:\\\/\\\/info.onedoc.ch\\\/de\\\/?s={search_term_string}\"},\"query-input\":{\"@type\":\"PropertyValueSpecification\",\"valueRequired\":true,\"valueName\":\"search_term_string\"}}],\"inLanguage\":\"de-CH\"},{\"@type\":\"Organization\",\"@id\":\"https:\\\/\\\/info.onedoc.ch\\\/de\\\/#organization\",\"name\":\"OneDoc\",\"alternateName\":\"OneDoc.ch\",\"url\":\"https:\\\/\\\/info.onedoc.ch\\\/de\\\/\",\"logo\":{\"@type\":\"ImageObject\",\"inLanguage\":\"de-CH\",\"@id\":\"https:\\\/\\\/info.onedoc.ch\\\/de\\\/#\\\/schema\\\/logo\\\/image\\\/\",\"url\":\"https:\\\/\\\/info.onedoc.ch\\\/wp-content\\\/uploads\\\/2025\\\/06\\\/doki-logo.png\",\"contentUrl\":\"https:\\\/\\\/info.onedoc.ch\\\/wp-content\\\/uploads\\\/2025\\\/06\\\/doki-logo.png\",\"width\":2134,\"height\":2134,\"caption\":\"OneDoc\"},\"image\":{\"@id\":\"https:\\\/\\\/info.onedoc.ch\\\/de\\\/#\\\/schema\\\/logo\\\/image\\\/\"},\"sameAs\":[\"https:\\\/\\\/www.facebook.com\\\/onedoc.ch\\\/\",\"https:\\\/\\\/x.com\\\/onedoc_ch\",\"https:\\\/\\\/www.instagram.com\\\/onedoc.ch\\\/\",\"https:\\\/\\\/www.linkedin.com\\\/company\\\/onedoc.ch\\\/\",\"https:\\\/\\\/www.youtube.com\\\/channel\\\/UCWnlE63em_m8ZioBA5n8Z6w\"],\"description\":\"OneDoc est la plateforme leader en Suisse pour la r\u00e9servation de rendez-vous m\u00e9dicaux. Les patients peuvent rechercher des milliers de professionnels de la sant\u00e9 suisses (m\u00e9decins, dentistes et th\u00e9rapeutes) et r\u00e9server un rendez-vous sur place ou une consultation vid\u00e9o en quelques clics, 24 heures sur 24.\",\"legalName\":\"OneDoc SA\",\"foundingDate\":\"2016-12-31\",\"numberOfEmployees\":{\"@type\":\"QuantitativeValue\",\"minValue\":\"51\",\"maxValue\":\"200\"}},{\"@type\":\"Person\",\"@id\":\"https:\\\/\\\/info.onedoc.ch\\\/de\\\/#\\\/schema\\\/person\\\/fa9ea006257198a701bc2d21cecbfe65\",\"name\":\"Victoria Nover\",\"image\":{\"@type\":\"ImageObject\",\"inLanguage\":\"de-CH\",\"@id\":\"https:\\\/\\\/secure.gravatar.com\\\/avatar\\\/c0f865e62f53fe4c47715bcef8c2935789b3ffdea88f17952c4e53ef87d4e4b3?s=96&d=mm&r=g\",\"url\":\"https:\\\/\\\/secure.gravatar.com\\\/avatar\\\/c0f865e62f53fe4c47715bcef8c2935789b3ffdea88f17952c4e53ef87d4e4b3?s=96&d=mm&r=g\",\"contentUrl\":\"https:\\\/\\\/secure.gravatar.com\\\/avatar\\\/c0f865e62f53fe4c47715bcef8c2935789b3ffdea88f17952c4e53ef87d4e4b3?s=96&d=mm&r=g\",\"caption\":\"Victoria Nover\"}}]}<\/script>\n<!-- \/ Yoast SEO Premium plugin. -->","yoast_head_json":{"title":"\u00c4nderungen im Physiotherapie Tarif 2025","description":"Erfahren Sie mehr \u00fcber die wichtigsten \u00c4nderungen des Physiotherapie-Tarifs, die ab dem 1. Juli 2025 gelten.","robots":{"index":"index","follow":"follow","max-snippet":"max-snippet:-1","max-image-preview":"max-image-preview:large","max-video-preview":"max-video-preview:-1"},"canonical":"https:\/\/info.onedoc.ch\/de\/blog\/physiotherapeuten\/physiotherapie-tarif-aenderung-2025\/","og_locale":"de_DE","og_type":"article","og_title":"\u00c4nderungen im Physiotherapie Tarif 2025","og_description":"Erfahren Sie mehr \u00fcber die wichtigsten \u00c4nderungen des Physiotherapie-Tarifs, die ab dem 1. Juli 2025 gelten.","og_url":"https:\/\/info.onedoc.ch\/de\/blog\/physiotherapeuten\/physiotherapie-tarif-aenderung-2025\/","og_site_name":"OneDoc Pro","article_publisher":"https:\/\/www.facebook.com\/onedoc.ch\/","article_published_time":"2025-06-30T12:43:28+00:00","article_modified_time":"2025-10-09T19:39:51+00:00","og_image":[{"width":1500,"height":1000,"url":"https:\/\/info.onedoc.ch\/wp-content\/uploads\/2025\/06\/changement-tarifaire-en-physiotherapie-2025.jpg","type":"image\/jpeg"}],"author":"Victoria Nover","twitter_card":"summary_large_image","twitter_title":"\u00c4nderungen im Physiotherapie Tarif 2025","twitter_description":"Erfahren Sie mehr \u00fcber die wichtigsten \u00c4nderungen des Physiotherapie-Tarifs, die ab dem 1. Juli 2025 gelten.","twitter_creator":"@onedoc_ch","twitter_site":"@onedoc_ch","twitter_misc":{"Geschrieben von":"Victoria Nover","Gesch\u00e4tzte Lesezeit":"3\u00a0Minute"},"schema":{"@context":"https:\/\/schema.org","@graph":[{"@type":["Article","BlogPosting"],"@id":"https:\/\/info.onedoc.ch\/de\/blog\/physiotherapeuten\/physiotherapie-tarif-aenderung-2025\/#article","isPartOf":{"@id":"https:\/\/info.onedoc.ch\/de\/blog\/physiotherapeuten\/physiotherapie-tarif-aenderung-2025\/"},"author":{"name":"Victoria Nover","@id":"https:\/\/info.onedoc.ch\/de\/#\/schema\/person\/fa9ea006257198a701bc2d21cecbfe65"},"headline":"Alles was Sie zu den \u00c4nderungen im Physiotherapie Tarif 2025 wissen m\u00fcssen","datePublished":"2025-06-30T12:43:28+00:00","dateModified":"2025-10-09T19:39:51+00:00","mainEntityOfPage":{"@id":"https:\/\/info.onedoc.ch\/de\/blog\/physiotherapeuten\/physiotherapie-tarif-aenderung-2025\/"},"wordCount":851,"publisher":{"@id":"https:\/\/info.onedoc.ch\/de\/#organization"},"image":{"@id":"https:\/\/info.onedoc.ch\/de\/blog\/physiotherapeuten\/physiotherapie-tarif-aenderung-2025\/#primaryimage"},"thumbnailUrl":"https:\/\/info.onedoc.ch\/wp-content\/uploads\/2025\/06\/changement-tarifaire-en-physiotherapie-2025.jpg","keywords":["Abrechnungen","Physio Tarif"],"articleSection":["Physiotherapeuten"],"inLanguage":"de-CH"},{"@type":"WebPage","@id":"https:\/\/info.onedoc.ch\/de\/blog\/physiotherapeuten\/physiotherapie-tarif-aenderung-2025\/","url":"https:\/\/info.onedoc.ch\/de\/blog\/physiotherapeuten\/physiotherapie-tarif-aenderung-2025\/","name":"\u00c4nderungen im Physiotherapie Tarif 2025","isPartOf":{"@id":"https:\/\/info.onedoc.ch\/de\/#website"},"primaryImageOfPage":{"@id":"https:\/\/info.onedoc.ch\/de\/blog\/physiotherapeuten\/physiotherapie-tarif-aenderung-2025\/#primaryimage"},"image":{"@id":"https:\/\/info.onedoc.ch\/de\/blog\/physiotherapeuten\/physiotherapie-tarif-aenderung-2025\/#primaryimage"},"thumbnailUrl":"https:\/\/info.onedoc.ch\/wp-content\/uploads\/2025\/06\/changement-tarifaire-en-physiotherapie-2025.jpg","datePublished":"2025-06-30T12:43:28+00:00","dateModified":"2025-10-09T19:39:51+00:00","description":"Erfahren Sie mehr \u00fcber die wichtigsten \u00c4nderungen des Physiotherapie-Tarifs, die ab dem 1. Juli 2025 gelten.","inLanguage":"de-CH","potentialAction":[{"@type":"ReadAction","target":["https:\/\/info.onedoc.ch\/de\/blog\/physiotherapeuten\/physiotherapie-tarif-aenderung-2025\/"]}]},{"@type":"ImageObject","inLanguage":"de-CH","@id":"https:\/\/info.onedoc.ch\/de\/blog\/physiotherapeuten\/physiotherapie-tarif-aenderung-2025\/#primaryimage","url":"https:\/\/info.onedoc.ch\/wp-content\/uploads\/2025\/06\/changement-tarifaire-en-physiotherapie-2025.jpg","contentUrl":"https:\/\/info.onedoc.ch\/wp-content\/uploads\/2025\/06\/changement-tarifaire-en-physiotherapie-2025.jpg","width":1500,"height":1000,"caption":"Alle \u00c4nderungen den Physiotherapie Tarifs in der Schweiz"},{"@type":"WebSite","@id":"https:\/\/info.onedoc.ch\/de\/#website","url":"https:\/\/info.onedoc.ch\/de\/","name":"OneDoc Pro - Moins d\u2019administratif, plus de temps pour vos patients","description":"L&#039;alli\u00e9 des professionnels de sant\u00e9 suisses au quotidien","publisher":{"@id":"https:\/\/info.onedoc.ch\/de\/#organization"},"alternateName":"OneDoc Pro","potentialAction":[{"@type":"SearchAction","target":{"@type":"EntryPoint","urlTemplate":"https:\/\/info.onedoc.ch\/de\/?s={search_term_string}"},"query-input":{"@type":"PropertyValueSpecification","valueRequired":true,"valueName":"search_term_string"}}],"inLanguage":"de-CH"},{"@type":"Organization","@id":"https:\/\/info.onedoc.ch\/de\/#organization","name":"OneDoc","alternateName":"OneDoc.ch","url":"https:\/\/info.onedoc.ch\/de\/","logo":{"@type":"ImageObject","inLanguage":"de-CH","@id":"https:\/\/info.onedoc.ch\/de\/#\/schema\/logo\/image\/","url":"https:\/\/info.onedoc.ch\/wp-content\/uploads\/2025\/06\/doki-logo.png","contentUrl":"https:\/\/info.onedoc.ch\/wp-content\/uploads\/2025\/06\/doki-logo.png","width":2134,"height":2134,"caption":"OneDoc"},"image":{"@id":"https:\/\/info.onedoc.ch\/de\/#\/schema\/logo\/image\/"},"sameAs":["https:\/\/www.facebook.com\/onedoc.ch\/","https:\/\/x.com\/onedoc_ch","https:\/\/www.instagram.com\/onedoc.ch\/","https:\/\/www.linkedin.com\/company\/onedoc.ch\/","https:\/\/www.youtube.com\/channel\/UCWnlE63em_m8ZioBA5n8Z6w"],"description":"OneDoc est la plateforme leader en Suisse pour la r\u00e9servation de rendez-vous m\u00e9dicaux. Les patients peuvent rechercher des milliers de professionnels de la sant\u00e9 suisses (m\u00e9decins, dentistes et th\u00e9rapeutes) et r\u00e9server un rendez-vous sur place ou une consultation vid\u00e9o en quelques clics, 24 heures sur 24.","legalName":"OneDoc SA","foundingDate":"2016-12-31","numberOfEmployees":{"@type":"QuantitativeValue","minValue":"51","maxValue":"200"}},{"@type":"Person","@id":"https:\/\/info.onedoc.ch\/de\/#\/schema\/person\/fa9ea006257198a701bc2d21cecbfe65","name":"Victoria Nover","image":{"@type":"ImageObject","inLanguage":"de-CH","@id":"https:\/\/secure.gravatar.com\/avatar\/c0f865e62f53fe4c47715bcef8c2935789b3ffdea88f17952c4e53ef87d4e4b3?s=96&d=mm&r=g","url":"https:\/\/secure.gravatar.com\/avatar\/c0f865e62f53fe4c47715bcef8c2935789b3ffdea88f17952c4e53ef87d4e4b3?s=96&d=mm&r=g","contentUrl":"https:\/\/secure.gravatar.com\/avatar\/c0f865e62f53fe4c47715bcef8c2935789b3ffdea88f17952c4e53ef87d4e4b3?s=96&d=mm&r=g","caption":"Victoria Nover"}}]}},"_links":{"self":[{"href":"https:\/\/info.onedoc.ch\/de\/wp-json\/wp\/v2\/posts\/14541","targetHints":{"allow":["GET"]}}],"collection":[{"href":"https:\/\/info.onedoc.ch\/de\/wp-json\/wp\/v2\/posts"}],"about":[{"href":"https:\/\/info.onedoc.ch\/de\/wp-json\/wp\/v2\/types\/post"}],"author":[{"embeddable":true,"href":"https:\/\/info.onedoc.ch\/de\/wp-json\/wp\/v2\/users\/4"}],"replies":[{"embeddable":true,"href":"https:\/\/info.onedoc.ch\/de\/wp-json\/wp\/v2\/comments?post=14541"}],"version-history":[{"count":6,"href":"https:\/\/info.onedoc.ch\/de\/wp-json\/wp\/v2\/posts\/14541\/revisions"}],"predecessor-version":[{"id":30115,"href":"https:\/\/info.onedoc.ch\/de\/wp-json\/wp\/v2\/posts\/14541\/revisions\/30115"}],"wp:featuredmedia":[{"embeddable":true,"href":"https:\/\/info.onedoc.ch\/de\/wp-json\/wp\/v2\/media\/14504"}],"wp:attachment":[{"href":"https:\/\/info.onedoc.ch\/de\/wp-json\/wp\/v2\/media?parent=14541"}],"wp:term":[{"taxonomy":"category","embeddable":true,"href":"https:\/\/info.onedoc.ch\/de\/wp-json\/wp\/v2\/categories?post=14541"},{"taxonomy":"post_tag","embeddable":true,"href":"https:\/\/info.onedoc.ch\/de\/wp-json\/wp\/v2\/tags?post=14541"}],"curies":[{"name":"wp","href":"https:\/\/api.w.org\/{rel}","templated":true}]}}